{"id":2407,"date":"2024-02-08T12:48:22","date_gmt":"2024-02-08T11:48:22","guid":{"rendered":"https:\/\/agora.xtec.cat\/ceipmontoliu\/?p=2407"},"modified":"2024-02-09T12:31:39","modified_gmt":"2024-02-09T11:31:39","slug":"portes-obertes-preinscripcio-i-matricula","status":"publish","type":"post","link":"https:\/\/agora.xtec.cat\/ceipmontoliu\/general\/portes-obertes-preinscripcio-i-matricula\/","title":{"rendered":"Portes obertes, preinscripci\u00f3 i matr\u00edcula"},"content":{"rendered":"<p style=\"text-align: center;\">Hola! Com cada any ha arribat el moment de fer les <strong>portes obertes<\/strong> a l&#8217;Escola.<\/p>\n<p style=\"text-align: center;\">Totes aquelles persones que esteu interessades en venir a veure&#8217;ns ho podeu fer el <strong>15 de febrer al mat\u00ed <\/strong>o el<strong> 21 de febrer a la tarda.<\/strong><\/p>\n<p style=\"text-align: center;\">La <strong>PREINSCRIPCI\u00d3<\/strong> ser\u00e0 del <strong>6 al 20 de mar\u00e7<\/strong>.<\/p>\n<p style=\"text-align: center;\">I la <strong>MATR\u00cdCULA<\/strong> del <strong>18 al 26 de juny<\/strong>.<\/p>\n<p style=\"text-align: center;\"><strong>US HI ESPEREM!<\/strong><\/p>\n<p style=\"text-align: center;\"><a href=\"https:\/\/agora.xtec.cat\/ceipmontoliu\/wp-content\/uploads\/usu1868\/2024\/02\/WhatsApp-Image-2024-02-09-at-12.22.28.jpeg\"><img loading=\"lazy\" decoding=\"async\" class=\"aligncenter size-large wp-image-2414\" src=\"https:\/\/agora.xtec.cat\/ceipmontoliu\/wp-content\/uploads\/usu1868\/2024\/02\/WhatsApp-Image-2024-02-09-at-12.22.28-1024x512.jpeg\" alt=\"\" width=\"1024\" height=\"512\" srcset=\"https:\/\/agora.xtec.cat\/ceipmontoliu\/wp-content\/uploads\/usu1868\/2024\/02\/WhatsApp-Image-2024-02-09-at-12.22.28-1024x512.jpeg 1024w, https:\/\/agora.xtec.cat\/ceipmontoliu\/wp-content\/uploads\/usu1868\/2024\/02\/WhatsApp-Image-2024-02-09-at-12.22.28-300x150.jpeg 300w, https:\/\/agora.xtec.cat\/ceipmontoliu\/wp-content\/uploads\/usu1868\/2024\/02\/WhatsApp-Image-2024-02-09-at-12.22.28-768x384.jpeg 768w, https:\/\/agora.xtec.cat\/ceipmontoliu\/wp-content\/uploads\/usu1868\/2024\/02\/WhatsApp-Image-2024-02-09-at-12.22.28-1536x768.jpeg 1536w, https:\/\/agora.xtec.cat\/ceipmontoliu\/wp-content\/uploads\/usu1868\/2024\/02\/WhatsApp-Image-2024-02-09-at-12.22.28.jpeg 1920w\" sizes=\"auto, (max-width: 1024px) 100vw, 1024px\" \/><\/a><\/p>\n<p>&nbsp;<\/p>\n","protected":false},"excerpt":{"rendered":"<p>Hola! Com cada any ha arribat el moment de fer les portes obertes a l&#8217;Escola. Totes aquelles persones que esteu interessades en venir a veure&#8217;ns ho podeu fer el 15 de febrer al mat\u00ed o el 21 de febrer a la tarda. La PREINSCRIPCI\u00d3 ser\u00e0 del 6 al 20 de mar\u00e7. I la MATR\u00cdCULA del [&hellip;]<\/p>\n","protected":false},"author":1,"featured_media":0,"comment_status":"open","ping_status":"closed","sticky":false,"template":"","format":"standard","meta":{"_bbp_topic_count":0,"_bbp_reply_count":0,"_bbp_total_topic_count":0,"_bbp_total_reply_count":0,"_bbp_voice_count":0,"_bbp_anonymous_reply_count":0,"_bbp_topic_count_hidden":0,"_bbp_reply_count_hidden":0,"_bbp_forum_subforum_count":0,"site-sidebar-layout":"default","site-content-layout":"","ast-site-content-layout":"","site-content-style":"default","site-sidebar-style":"default","ast-global-header-display":"","ast-banner-title-visibility":"","ast-main-header-display":"","ast-hfb-above-header-display":"","ast-hfb-below-header-display":"","ast-hfb-mobile-header-display":"","site-post-title":"","ast-breadcrumbs-content":"","ast-featured-img":"","footer-sml-layout":"","theme-transparent-header-meta":"","adv-header-id-meta":"","stick-header-meta":"","header-above-stick-meta":"","header-main-stick-meta":"","header-below-stick-meta":"","astra-migrate-meta-layouts":"default","ast-page-background-enabled":"default","ast-page-background-meta":{"desktop":{"background-color":"var(--ast-global-color-4)","background-image":"","background-repeat":"repeat","background-position":"center center","background-size":"auto","background-attachment":"scroll","background-type":"","background-media":"","overlay-type":"","overlay-color":"","overlay-opacity":"","overlay-gradient":""},"tablet":{"background-color":"","background-image":"","background-repeat":"repeat","background-position":"center center","background-size":"auto","background-attachment":"scroll","background-type":"","background-media":"","overlay-type":"","overlay-color":"","overlay-opacity":"","overlay-gradient":""},"mobile":{"background-color":"","background-image":"","background-repeat":"repeat","background-position":"center center","background-size":"auto","background-attachment":"scroll","background-type":"","background-media":"","overlay-type":"","overlay-color":"","overlay-opacity":"","overlay-gradient":""}},"ast-content-background-meta":{"desktop":{"background-color":"var(--ast-global-color-5)","background-image":"","background-repeat":"repeat","background-position":"center center","background-size":"auto","background-attachment":"scroll","background-type":"","background-media":"","overlay-type":"","overlay-color":"","overlay-opacity":"","overlay-gradient":""},"tablet":{"background-color":"var(--ast-global-color-5)","background-image":"","background-repeat":"repeat","background-position":"center center","background-size":"auto","background-attachment":"scroll","background-type":"","background-media":"","overlay-type":"","overlay-color":"","overlay-opacity":"","overlay-gradient":""},"mobile":{"background-color":"var(--ast-global-color-5)","background-image":"","background-repeat":"repeat","background-position":"center center","background-size":"auto","background-attachment":"scroll","background-type":"","background-media":"","overlay-type":"","overlay-color":"","overlay-opacity":"","overlay-gradient":""}},"footnotes":""},"categories":[1,4],"tags":[],"class_list":["post-2407","post","type-post","status-publish","format-standard","hentry","category-general","category-portada"],"post_mailing_queue_ids":[],"_links":{"self":[{"href":"https:\/\/agora.xtec.cat\/ceipmontoliu\/wp-json\/wp\/v2\/posts\/2407","targetHints":{"allow":["GET"]}}],"collection":[{"href":"https:\/\/agora.xtec.cat\/ceipmontoliu\/wp-json\/wp\/v2\/posts"}],"about":[{"href":"https:\/\/agora.xtec.cat\/ceipmontoliu\/wp-json\/wp\/v2\/types\/post"}],"author":[{"embeddable":true,"href":"https:\/\/agora.xtec.cat\/ceipmontoliu\/wp-json\/wp\/v2\/users\/1"}],"replies":[{"embeddable":true,"href":"https:\/\/agora.xtec.cat\/ceipmontoliu\/wp-json\/wp\/v2\/comments?post=2407"}],"version-history":[{"count":3,"href":"https:\/\/agora.xtec.cat\/ceipmontoliu\/wp-json\/wp\/v2\/posts\/2407\/revisions"}],"predecessor-version":[{"id":2415,"href":"https:\/\/agora.xtec.cat\/ceipmontoliu\/wp-json\/wp\/v2\/posts\/2407\/revisions\/2415"}],"wp:attachment":[{"href":"https:\/\/agora.xtec.cat\/ceipmontoliu\/wp-json\/wp\/v2\/media?parent=2407"}],"wp:term":[{"taxonomy":"category","embeddable":true,"href":"https:\/\/agora.xtec.cat\/ceipmontoliu\/wp-json\/wp\/v2\/categories?post=2407"},{"taxonomy":"post_tag","embeddable":true,"href":"https:\/\/agora.xtec.cat\/ceipmontoliu\/wp-json\/wp\/v2\/tags?post=2407"}],"curies":[{"name":"wp","href":"https:\/\/api.w.org\/{rel}","templated":true}]}}