{"id":2181,"date":"2023-04-28T09:22:38","date_gmt":"2023-04-28T07:22:38","guid":{"rendered":"https:\/\/agora.xtec.cat\/ceipmontoliu\/?p=2181"},"modified":"2023-04-28T09:42:23","modified_gmt":"2023-04-28T07:42:23","slug":"ajuts-individuals-de-menjador-aim-curs-2023-24","status":"publish","type":"post","link":"https:\/\/agora.xtec.cat\/ceipmontoliu\/general\/ajuts-individuals-de-menjador-aim-curs-2023-24\/","title":{"rendered":"AJUTS INDIVIDUALS DE MENJADOR (AIM) &#8211; CURS 2023-24"},"content":{"rendered":"<p data-pm-slice=\"1 3 []\">Presentaci\u00f3 sol\u00b7licitud: d<strong>el 15 de maig al 2 de juny de 2023<\/strong><\/p>\n<p><strong>AIM DE CARACTER SOCIOECON\u00d2MIC<\/strong><\/p>\n<ul>\n<li><a href=\"http:\/\/www.tarragones.cat\/ensenyament\/menjadors-escolars-ajuts\/bases-aim-2023-24\" target=\"_self\" rel=\"noopener noreferrer nofollow\">Bases de la convocat\u00f2ria, curs 2023-24<\/a><\/li>\n<\/ul>\n<p><strong>Sol\u00b7licitud d&#8217;AIM. 1a. Convocat\u00f2ria<\/strong><\/p>\n<ul>\n<li>\n<p data-auto=\"1\"><a href=\"http:\/\/www.tarragones.cat\/ensenyament\/menjadors-escolars-ajuts\/sol-ordinaria\" target=\"_self\" rel=\"noopener noreferrer nofollow\"><strong>Model ordinari<\/strong><\/a><\/p>\n<\/li>\n<\/ul>\n<p><a href=\"http:\/\/www.tarragones.cat\/ensenyament\/resolveuid\/62242a071d6443fdad6b7dc246b7171f\" target=\"_self\" rel=\"noopener noreferrer nofollow\"><strong><em>\u00a0<\/em><\/strong><\/a><strong>La presentaci\u00f3 de les sol\u00b7licituds per part de l&#8217;interessat es pot fer de la seg\u00fcent manera:<\/strong><\/p>\n<ul>\n<li>\n<p data-auto=\"1\">Telem\u00e0ticament en aquest\u00a0<a href=\"http:\/\/www.tarragones.cat\/ajuts-beques-menjador-2022-2023\" target=\"_self\" rel=\"noopener noreferrer nofollow\">enlla\u00e7<\/a>.<strong><br \/>\n<\/strong><\/p>\n<\/li>\n<li>\n<p data-auto=\"1\">Presencialment al:<\/p>\n<ul>\n<li>\n<p data-auto=\"1\">Centre docent. (d<strong>el 8 al 24 de maig de 2023<\/strong>)<\/p>\n<\/li>\n<li>\n<p data-auto=\"1\">Consell Comarcal del Tarragon\u00e8s (CCT) amb\u00a0<a href=\"http:\/\/www.tarragones.cat\/cita-previa-1\/cita-previa-beques-menjador-2021-2022\" target=\"_self\" rel=\"noopener noreferrer nofollow\">cita pr\u00e8via<\/a>.<\/p>\n<\/li>\n<\/ul>\n<\/li>\n<\/ul>\n<p><strong>Com demanar cita pr\u00e8via al CCT?<\/strong><\/p>\n<p>Per demanar hora clicar\u00a0<a href=\"http:\/\/www.tarragones.cat\/cita-previa-1\/cita-previa-beques-menjador-2021-2022\" target=\"_self\" rel=\"noopener noreferrer nofollow\"><strong>cita pr\u00e8via<\/strong><\/a>.<\/p>\n<p><strong>Observacions:<\/strong><\/p>\n<ul>\n<li>la documentaci\u00f3\u00a0 requerida ha d&#8217;estar ben emplenada amb les fotoc\u00f2pies necess\u00e0ries, bol\u00edgraf i s&#8217;atendr\u00e0\u00a0una sola persona per visita.<\/li>\n<\/ul>\n","protected":false},"excerpt":{"rendered":"<p>Presentaci\u00f3 sol\u00b7licitud: del 15 de maig al 2 de juny de 2023.<\/p>\n","protected":false},"author":1,"featured_media":2182,"comment_status":"open","ping_status":"closed","sticky":false,"template":"","format":"standard","meta":{"_bbp_topic_count":0,"_bbp_reply_count":0,"_bbp_total_topic_count":0,"_bbp_total_reply_count":0,"_bbp_voice_count":0,"_bbp_anonymous_reply_count":0,"_bbp_topic_count_hidden":0,"_bbp_reply_count_hidden":0,"_bbp_forum_subforum_count":0,"site-sidebar-layout":"default","site-content-layout":"","ast-site-content-layout":"","site-content-style":"default","site-sidebar-style":"default","ast-global-header-display":"","ast-banner-title-visibility":"","ast-main-header-display":"","ast-hfb-above-header-display":"","ast-hfb-below-header-display":"","ast-hfb-mobile-header-display":"","site-post-title":"","ast-breadcrumbs-content":"","ast-featured-img":"","footer-sml-layout":"","theme-transparent-header-meta":"","adv-header-id-meta":"","stick-header-meta":"","header-above-stick-meta":"","header-main-stick-meta":"","header-below-stick-meta":"","astra-migrate-meta-layouts":"default","ast-page-background-enabled":"default","ast-page-background-meta":{"desktop":{"background-color":"var(--ast-global-color-4)","background-image":"","background-repeat":"repeat","background-position":"center center","background-size":"auto","background-attachment":"scroll","background-type":"","background-media":"","overlay-type":"","overlay-color":"","overlay-opacity":"","overlay-gradient":""},"tablet":{"background-color":"","background-image":"","background-repeat":"repeat","background-position":"center center","background-size":"auto","background-attachment":"scroll","background-type":"","background-media":"","overlay-type":"","overlay-color":"","overlay-opacity":"","overlay-gradient":""},"mobile":{"background-color":"","background-image":"","background-repeat":"repeat","background-position":"center center","background-size":"auto","background-attachment":"scroll","background-type":"","background-media":"","overlay-type":"","overlay-color":"","overlay-opacity":"","overlay-gradient":""}},"ast-content-background-meta":{"desktop":{"background-color":"var(--ast-global-color-5)","background-image":"","background-repeat":"repeat","background-position":"center center","background-size":"auto","background-attachment":"scroll","background-type":"","background-media":"","overlay-type":"","overlay-color":"","overlay-opacity":"","overlay-gradient":""},"tablet":{"background-color":"var(--ast-global-color-5)","background-image":"","background-repeat":"repeat","background-position":"center center","background-size":"auto","background-attachment":"scroll","background-type":"","background-media":"","overlay-type":"","overlay-color":"","overlay-opacity":"","overlay-gradient":""},"mobile":{"background-color":"var(--ast-global-color-5)","background-image":"","background-repeat":"repeat","background-position":"center center","background-size":"auto","background-attachment":"scroll","background-type":"","background-media":"","overlay-type":"","overlay-color":"","overlay-opacity":"","overlay-gradient":""}},"footnotes":""},"categories":[1,4],"tags":[94,90,93],"class_list":["post-2181","post","type-post","status-publish","format-standard","has-post-thumbnail","hentry","category-general","category-portada","tag-ajuts","tag-alumnesifamilies","tag-menjador"],"post_mailing_queue_ids":[],"_links":{"self":[{"href":"https:\/\/agora.xtec.cat\/ceipmontoliu\/wp-json\/wp\/v2\/posts\/2181","targetHints":{"allow":["GET"]}}],"collection":[{"href":"https:\/\/agora.xtec.cat\/ceipmontoliu\/wp-json\/wp\/v2\/posts"}],"about":[{"href":"https:\/\/agora.xtec.cat\/ceipmontoliu\/wp-json\/wp\/v2\/types\/post"}],"author":[{"embeddable":true,"href":"https:\/\/agora.xtec.cat\/ceipmontoliu\/wp-json\/wp\/v2\/users\/1"}],"replies":[{"embeddable":true,"href":"https:\/\/agora.xtec.cat\/ceipmontoliu\/wp-json\/wp\/v2\/comments?post=2181"}],"version-history":[{"count":2,"href":"https:\/\/agora.xtec.cat\/ceipmontoliu\/wp-json\/wp\/v2\/posts\/2181\/revisions"}],"predecessor-version":[{"id":2184,"href":"https:\/\/agora.xtec.cat\/ceipmontoliu\/wp-json\/wp\/v2\/posts\/2181\/revisions\/2184"}],"wp:featuredmedia":[{"embeddable":true,"href":"https:\/\/agora.xtec.cat\/ceipmontoliu\/wp-json\/wp\/v2\/media\/2182"}],"wp:attachment":[{"href":"https:\/\/agora.xtec.cat\/ceipmontoliu\/wp-json\/wp\/v2\/media?parent=2181"}],"wp:term":[{"taxonomy":"category","embeddable":true,"href":"https:\/\/agora.xtec.cat\/ceipmontoliu\/wp-json\/wp\/v2\/categories?post=2181"},{"taxonomy":"post_tag","embeddable":true,"href":"https:\/\/agora.xtec.cat\/ceipmontoliu\/wp-json\/wp\/v2\/tags?post=2181"}],"curies":[{"name":"wp","href":"https:\/\/api.w.org\/{rel}","templated":true}]}}