{"id":1969,"date":"2022-05-09T10:02:59","date_gmt":"2022-05-09T08:02:59","guid":{"rendered":"https:\/\/agora.xtec.cat\/ceipmontoliu\/?p=1969"},"modified":"2022-05-09T11:18:18","modified_gmt":"2022-05-09T09:18:18","slug":"ajuts-individuals-de-menjador-aim-curs-2022-2023","status":"publish","type":"post","link":"https:\/\/agora.xtec.cat\/ceipmontoliu\/general\/ajuts-individuals-de-menjador-aim-curs-2022-2023\/","title":{"rendered":"AJUTS INDIVIDUALS DE MENJADOR (AIM) &#8211; CURS 2022-2023."},"content":{"rendered":"<div id=\"main\" tabindex=\"-1\" role=\"main\">\n<div class=\"wrapper site-min-height\">\n<div class=\"card\">\n<div class=\"b-overlay-wrap position-relative\">\n<div id=\"__BVID__7674\" class=\"tabs\" data-v-0e533dc1=\"\">\n<div id=\"__BVID__7674__BV_tab_container_\" class=\"tab-content\">\n<div id=\"__BVID__7675\" class=\"tab-pane active card-body\" role=\"tabpanel\" data-v-0e533dc1=\"\" aria-hidden=\"false\" data-key=\"content\" aria-labelledby=\"__BVID__7675___BV_tab_button__\">\n<div data-v-0e533dc1=\"\">\n<div class=\"message-content\" data-v-341a6578=\"\">\n<div data-v-341a6578=\"\">\n<div class=\"message-body\" data-v-341a6578=\"\">\n<p>Presentaci\u00f3 sol\u00b7licitud: d<strong>el 16 de maig al 3 de juny de 2022<\/strong><\/p>\n<p><strong>AIM DE CARACTER SOCIOECON\u00d2MIC<\/strong><\/p>\n<ul>\n<li><a href=\"http:\/\/www.tarragones.cat\/ensenyament\/menjadors-escolars-ajuts\/bases-aim-22-23\" target=\"_blank\" rel=\"noreferrer noopener\">Bases de la convocat\u00f2ria, curs 2022-23<\/a><\/li>\n<\/ul>\n<p><strong>Sol\u00b7licitud d&#8217;AIM. 1a. Convocat\u00f2ria<\/strong><\/p>\n<ul>\n<li><a href=\"http:\/\/www.tarragones.cat\/ensenyament\/menjadors-escolars-ajuts\/model-ordinari-22-23\" target=\"_blank\" rel=\"noreferrer noopener\">Model ordinari\u00a0<\/a>adre\u00e7at a:\n<ul>\n<li>Alumnes que no van presentat la sol\u00b7licitud l\u2019any passat.<\/li>\n<li>Alumnes que se&#8217;ls hagu\u00e9s denegat l&#8217;ajut per manca de documentaci\u00f3.<\/li>\n<li>Alumnes on els progenitors \u00fanicament disposen de passaport.<\/li>\n<li>Fam\u00edlies separades o divorciades, ja sigui legalment o de fet.<\/li>\n<li>Fam\u00edlies que han canviat el nombre de membre de la unitat familiar respecte el curs passat. Exemple: un nou fill, hi ha hagut una separaci\u00f3, defunci\u00f3, emancipaci\u00f3&#8230;.<\/li>\n<li>Fam\u00edlies amb alumnes en acolliment o tutela provisional.<\/li>\n<\/ul>\n<\/li>\n<li><a href=\"http:\/\/www.tarragones.cat\/ensenyament\/menjadors-escolars-ajuts\/model-abreujat-22-23\" target=\"_blank\" rel=\"noreferrer noopener\">Model abreujat\u00a0<\/a>adre\u00e7at a:\n<ul>\n<li>Alumnes que el curs passat van presentar sol\u00b7licitud.<\/li>\n<li>Alumnes de nova matr\u00edcula amb germans que ja van presentar sol\u00b7licitud a la convocat\u00f2ria del curs passat.<\/li>\n<\/ul>\n<\/li>\n<\/ul>\n<p><strong>La presentaci\u00f3 de les sol\u00b7licituds per part de l&#8217;interessat es pot fer de la seg\u00fcent manera:<\/strong><\/p>\n<ul>\n<li>Telem\u00e0ticament en aquest\u00a0<a href=\"http:\/\/www.tarragones.cat\/\" target=\"_blank\" rel=\"noreferrer noopener\">enlla\u00e7<\/a><strong><br \/>\n<\/strong><\/li>\n<\/ul>\n<ul>\n<li>Presencialment al:\n<ul>\n<li>Centre docent (abans del 30 de maig)<\/li>\n<li>Consell Comarcal del Tarragon\u00e8s (CCT) amb\u00a0<a href=\"http:\/\/www.tarragones.cat\/cita-previa-1\/cita-previa-beques-menjador-2021-2022\" target=\"_blank\" rel=\"noreferrer noopener\">cita pr\u00e8via<\/a>.<\/li>\n<\/ul>\n<\/li>\n<\/ul>\n<p><strong>Com demanar cita pr\u00e8via al CCT?<\/strong><\/p>\n<p>Es pot demanar\u00a0<a href=\"http:\/\/www.tarragones.cat\/cita-previa-1\/cita-previa-beques-menjador-2021-2022\" target=\"_blank\" rel=\"noreferrer noopener\">cita pr\u00e8via<\/a><strong>,<\/strong>\u00a0a partir del 9 de maig de 2022.<\/p>\n<p><strong>Observacions:<\/strong><\/p>\n<ul>\n<li>La documentaci\u00f3\u00a0 requerida ha d&#8217;estar ben emplenada amb bol\u00edgraf i les fotoc\u00f2pies necess\u00e0ries. S&#8217;atendr\u00e0\u00a0una sola persona per visita.<\/li>\n<li><strong>Tots els alumnes que sol\u00b7licitin l&#8217;ajut han de tenir DNI\/NIE.<\/strong><\/li>\n<\/ul>\n<\/div>\n<\/div>\n<\/div>\n<\/div>\n<\/div>\n<\/div>\n<\/div>\n<\/div>\n<\/div>\n<\/div>\n<\/div>\n","protected":false},"excerpt":{"rendered":"<p>Presentaci\u00f3 sol\u00b7licitud: del 16 de maig al 3 de juny de 2022<\/p>\n","protected":false},"author":1,"featured_media":1970,"comment_status":"open","ping_status":"closed","sticky":false,"template":"","format":"standard","meta":{"_bbp_topic_count":0,"_bbp_reply_count":0,"_bbp_total_topic_count":0,"_bbp_total_reply_count":0,"_bbp_voice_count":0,"_bbp_anonymous_reply_count":0,"_bbp_topic_count_hidden":0,"_bbp_reply_count_hidden":0,"_bbp_forum_subforum_count":0,"site-sidebar-layout":"default","site-content-layout":"","ast-site-content-layout":"","site-content-style":"default","site-sidebar-style":"default","ast-global-header-display":"","ast-banner-title-visibility":"","ast-main-header-display":"","ast-hfb-above-header-display":"","ast-hfb-below-header-display":"","ast-hfb-mobile-header-display":"","site-post-title":"","ast-breadcrumbs-content":"","ast-featured-img":"","footer-sml-layout":"","theme-transparent-header-meta":"","adv-header-id-meta":"","stick-header-meta":"","header-above-stick-meta":"","header-main-stick-meta":"","header-below-stick-meta":"","astra-migrate-meta-layouts":"default","ast-page-background-enabled":"default","ast-page-background-meta":{"desktop":{"background-color":"var(--ast-global-color-4)","background-image":"","background-repeat":"repeat","background-position":"center center","background-size":"auto","background-attachment":"scroll","background-type":"","background-media":"","overlay-type":"","overlay-color":"","overlay-opacity":"","overlay-gradient":""},"tablet":{"background-color":"","background-image":"","background-repeat":"repeat","background-position":"center center","background-size":"auto","background-attachment":"scroll","background-type":"","background-media":"","overlay-type":"","overlay-color":"","overlay-opacity":"","overlay-gradient":""},"mobile":{"background-color":"","background-image":"","background-repeat":"repeat","background-position":"center center","background-size":"auto","background-attachment":"scroll","background-type":"","background-media":"","overlay-type":"","overlay-color":"","overlay-opacity":"","overlay-gradient":""}},"ast-content-background-meta":{"desktop":{"background-color":"var(--ast-global-color-5)","background-image":"","background-repeat":"repeat","background-position":"center center","background-size":"auto","background-attachment":"scroll","background-type":"","background-media":"","overlay-type":"","overlay-color":"","overlay-opacity":"","overlay-gradient":""},"tablet":{"background-color":"var(--ast-global-color-5)","background-image":"","background-repeat":"repeat","background-position":"center center","background-size":"auto","background-attachment":"scroll","background-type":"","background-media":"","overlay-type":"","overlay-color":"","overlay-opacity":"","overlay-gradient":""},"mobile":{"background-color":"var(--ast-global-color-5)","background-image":"","background-repeat":"repeat","background-position":"center center","background-size":"auto","background-attachment":"scroll","background-type":"","background-media":"","overlay-type":"","overlay-color":"","overlay-opacity":"","overlay-gradient":""}},"footnotes":""},"categories":[1,4],"tags":[],"class_list":["post-1969","post","type-post","status-publish","format-standard","has-post-thumbnail","hentry","category-general","category-portada"],"post_mailing_queue_ids":[],"_links":{"self":[{"href":"https:\/\/agora.xtec.cat\/ceipmontoliu\/wp-json\/wp\/v2\/posts\/1969","targetHints":{"allow":["GET"]}}],"collection":[{"href":"https:\/\/agora.xtec.cat\/ceipmontoliu\/wp-json\/wp\/v2\/posts"}],"about":[{"href":"https:\/\/agora.xtec.cat\/ceipmontoliu\/wp-json\/wp\/v2\/types\/post"}],"author":[{"embeddable":true,"href":"https:\/\/agora.xtec.cat\/ceipmontoliu\/wp-json\/wp\/v2\/users\/1"}],"replies":[{"embeddable":true,"href":"https:\/\/agora.xtec.cat\/ceipmontoliu\/wp-json\/wp\/v2\/comments?post=1969"}],"version-history":[{"count":3,"href":"https:\/\/agora.xtec.cat\/ceipmontoliu\/wp-json\/wp\/v2\/posts\/1969\/revisions"}],"predecessor-version":[{"id":1975,"href":"https:\/\/agora.xtec.cat\/ceipmontoliu\/wp-json\/wp\/v2\/posts\/1969\/revisions\/1975"}],"wp:featuredmedia":[{"embeddable":true,"href":"https:\/\/agora.xtec.cat\/ceipmontoliu\/wp-json\/wp\/v2\/media\/1970"}],"wp:attachment":[{"href":"https:\/\/agora.xtec.cat\/ceipmontoliu\/wp-json\/wp\/v2\/media?parent=1969"}],"wp:term":[{"taxonomy":"category","embeddable":true,"href":"https:\/\/agora.xtec.cat\/ceipmontoliu\/wp-json\/wp\/v2\/categories?post=1969"},{"taxonomy":"post_tag","embeddable":true,"href":"https:\/\/agora.xtec.cat\/ceipmontoliu\/wp-json\/wp\/v2\/tags?post=1969"}],"curies":[{"name":"wp","href":"https:\/\/api.w.org\/{rel}","templated":true}]}}