{"id":1797,"date":"2021-11-12T16:38:33","date_gmt":"2021-11-12T15:38:33","guid":{"rendered":"https:\/\/agora.xtec.cat\/ceipmontoliu\/?p=1797"},"modified":"2021-11-12T16:38:33","modified_gmt":"2021-11-12T15:38:33","slug":"poliedres-3r","status":"publish","type":"post","link":"https:\/\/agora.xtec.cat\/ceipmontoliu\/portada\/poliedres-3r\/","title":{"rendered":"Poliedres 3r"},"content":{"rendered":"<p><span style=\"font-weight: 400;\">Els nens i nenes de 3r hem estat treballant els<\/span><span style=\"font-weight: 400;\"> poliedres. Per con\u00e8ixer les seves caracter\u00edstiques, vam construir-los amb pals i plastilina. Ara ja sabem que els poliedres tenen arestes, v\u00e8rtexs i que s\u00f3n figures amb volum.<\/span><\/p>\n<p><span style=\"font-weight: 400;\">Mireu qu\u00e8 xulos ens han quedat!<\/span><\/p>\n<p><a href=\"https:\/\/agora.xtec.cat\/ceipmontoliu\/wp-content\/uploads\/usu1868\/2021\/11\/Poliedres-1.jpg\"><img loading=\"lazy\" decoding=\"async\" class=\"aligncenter wp-image-1798 size-medium\" src=\"https:\/\/agora.xtec.cat\/ceipmontoliu\/wp-content\/uploads\/usu1868\/2021\/11\/Poliedres-1-225x300.jpg\" alt=\"\" width=\"225\" height=\"300\" srcset=\"https:\/\/agora.xtec.cat\/ceipmontoliu\/wp-content\/uploads\/usu1868\/2021\/11\/Poliedres-1-225x300.jpg 225w, https:\/\/agora.xtec.cat\/ceipmontoliu\/wp-content\/uploads\/usu1868\/2021\/11\/Poliedres-1-768x1024.jpg 768w, https:\/\/agora.xtec.cat\/ceipmontoliu\/wp-content\/uploads\/usu1868\/2021\/11\/Poliedres-1-1152x1536.jpg 1152w, https:\/\/agora.xtec.cat\/ceipmontoliu\/wp-content\/uploads\/usu1868\/2021\/11\/Poliedres-1.jpg 1200w\" sizes=\"auto, (max-width: 225px) 100vw, 225px\" \/><\/a> <a href=\"https:\/\/agora.xtec.cat\/ceipmontoliu\/wp-content\/uploads\/usu1868\/2021\/11\/Poliedres-2.jpg\"><img loading=\"lazy\" decoding=\"async\" class=\"aligncenter wp-image-1799 size-medium\" src=\"https:\/\/agora.xtec.cat\/ceipmontoliu\/wp-content\/uploads\/usu1868\/2021\/11\/Poliedres-2-225x300.jpg\" alt=\"\" width=\"225\" height=\"300\" srcset=\"https:\/\/agora.xtec.cat\/ceipmontoliu\/wp-content\/uploads\/usu1868\/2021\/11\/Poliedres-2-225x300.jpg 225w, https:\/\/agora.xtec.cat\/ceipmontoliu\/wp-content\/uploads\/usu1868\/2021\/11\/Poliedres-2-768x1024.jpg 768w, https:\/\/agora.xtec.cat\/ceipmontoliu\/wp-content\/uploads\/usu1868\/2021\/11\/Poliedres-2-1152x1536.jpg 1152w, https:\/\/agora.xtec.cat\/ceipmontoliu\/wp-content\/uploads\/usu1868\/2021\/11\/Poliedres-2.jpg 1200w\" sizes=\"auto, (max-width: 225px) 100vw, 225px\" \/><\/a> <a href=\"https:\/\/agora.xtec.cat\/ceipmontoliu\/wp-content\/uploads\/usu1868\/2021\/11\/Poliedres-3.jpg\"><img loading=\"lazy\" decoding=\"async\" class=\"aligncenter wp-image-1800 size-medium\" src=\"https:\/\/agora.xtec.cat\/ceipmontoliu\/wp-content\/uploads\/usu1868\/2021\/11\/Poliedres-3-225x300.jpg\" alt=\"\" width=\"225\" height=\"300\" srcset=\"https:\/\/agora.xtec.cat\/ceipmontoliu\/wp-content\/uploads\/usu1868\/2021\/11\/Poliedres-3-225x300.jpg 225w, https:\/\/agora.xtec.cat\/ceipmontoliu\/wp-content\/uploads\/usu1868\/2021\/11\/Poliedres-3-768x1024.jpg 768w, https:\/\/agora.xtec.cat\/ceipmontoliu\/wp-content\/uploads\/usu1868\/2021\/11\/Poliedres-3-1152x1536.jpg 1152w, https:\/\/agora.xtec.cat\/ceipmontoliu\/wp-content\/uploads\/usu1868\/2021\/11\/Poliedres-3.jpg 1200w\" sizes=\"auto, (max-width: 225px) 100vw, 225px\" \/><\/a> <a href=\"https:\/\/agora.xtec.cat\/ceipmontoliu\/wp-content\/uploads\/usu1868\/2021\/11\/Poliedres-4.jpg\"><img loading=\"lazy\" decoding=\"async\" class=\"aligncenter wp-image-1801 size-medium\" src=\"https:\/\/agora.xtec.cat\/ceipmontoliu\/wp-content\/uploads\/usu1868\/2021\/11\/Poliedres-4-225x300.jpg\" alt=\"\" width=\"225\" height=\"300\" srcset=\"https:\/\/agora.xtec.cat\/ceipmontoliu\/wp-content\/uploads\/usu1868\/2021\/11\/Poliedres-4-225x300.jpg 225w, https:\/\/agora.xtec.cat\/ceipmontoliu\/wp-content\/uploads\/usu1868\/2021\/11\/Poliedres-4-768x1024.jpg 768w, https:\/\/agora.xtec.cat\/ceipmontoliu\/wp-content\/uploads\/usu1868\/2021\/11\/Poliedres-4-1152x1536.jpg 1152w, https:\/\/agora.xtec.cat\/ceipmontoliu\/wp-content\/uploads\/usu1868\/2021\/11\/Poliedres-4.jpg 1200w\" sizes=\"auto, (max-width: 225px) 100vw, 225px\" \/><\/a><\/p>\n","protected":false},"excerpt":{"rendered":"<p>Els nens i nenes de 3r hem estat treballant els poliedres. Per con\u00e8ixer les seves caracter\u00edstiques, vam construir-los amb pals i plastilina. Ara ja sabem que els poliedres tenen arestes, v\u00e8rtexs i que s\u00f3n figures amb volum. Mireu qu\u00e8 xulos ens han quedat!<\/p>\n","protected":false},"author":1,"featured_media":0,"comment_status":"open","ping_status":"closed","sticky":false,"template":"","format":"standard","meta":{"_bbp_topic_count":0,"_bbp_reply_count":0,"_bbp_total_topic_count":0,"_bbp_total_reply_count":0,"_bbp_voice_count":0,"_bbp_anonymous_reply_count":0,"_bbp_topic_count_hidden":0,"_bbp_reply_count_hidden":0,"_bbp_forum_subforum_count":0,"site-sidebar-layout":"default","site-content-layout":"","ast-site-content-layout":"","site-content-style":"default","site-sidebar-style":"default","ast-global-header-display":"","ast-banner-title-visibility":"","ast-main-header-display":"","ast-hfb-above-header-display":"","ast-hfb-below-header-display":"","ast-hfb-mobile-header-display":"","site-post-title":"","ast-breadcrumbs-content":"","ast-featured-img":"","footer-sml-layout":"","theme-transparent-header-meta":"","adv-header-id-meta":"","stick-header-meta":"","header-above-stick-meta":"","header-main-stick-meta":"","header-below-stick-meta":"","astra-migrate-meta-layouts":"default","ast-page-background-enabled":"default","ast-page-background-meta":{"desktop":{"background-color":"var(--ast-global-color-4)","background-image":"","background-repeat":"repeat","background-position":"center center","background-size":"auto","background-attachment":"scroll","background-type":"","background-media":"","overlay-type":"","overlay-color":"","overlay-opacity":"","overlay-gradient":""},"tablet":{"background-color":"","background-image":"","background-repeat":"repeat","background-position":"center center","background-size":"auto","background-attachment":"scroll","background-type":"","background-media":"","overlay-type":"","overlay-color":"","overlay-opacity":"","overlay-gradient":""},"mobile":{"background-color":"","background-image":"","background-repeat":"repeat","background-position":"center center","background-size":"auto","background-attachment":"scroll","background-type":"","background-media":"","overlay-type":"","overlay-color":"","overlay-opacity":"","overlay-gradient":""}},"ast-content-background-meta":{"desktop":{"background-color":"var(--ast-global-color-5)","background-image":"","background-repeat":"repeat","background-position":"center center","background-size":"auto","background-attachment":"scroll","background-type":"","background-media":"","overlay-type":"","overlay-color":"","overlay-opacity":"","overlay-gradient":""},"tablet":{"background-color":"var(--ast-global-color-5)","background-image":"","background-repeat":"repeat","background-position":"center center","background-size":"auto","background-attachment":"scroll","background-type":"","background-media":"","overlay-type":"","overlay-color":"","overlay-opacity":"","overlay-gradient":""},"mobile":{"background-color":"var(--ast-global-color-5)","background-image":"","background-repeat":"repeat","background-position":"center center","background-size":"auto","background-attachment":"scroll","background-type":"","background-media":"","overlay-type":"","overlay-color":"","overlay-opacity":"","overlay-gradient":""}},"footnotes":""},"categories":[12,4],"tags":[73,114,111,115],"class_list":["post-1797","post","type-post","status-publish","format-standard","hentry","category-3r","category-portada","tag-3r","tag-geometria","tag-matematiques","tag-mates-manipulatives"],"post_mailing_queue_ids":[],"_links":{"self":[{"href":"https:\/\/agora.xtec.cat\/ceipmontoliu\/wp-json\/wp\/v2\/posts\/1797","targetHints":{"allow":["GET"]}}],"collection":[{"href":"https:\/\/agora.xtec.cat\/ceipmontoliu\/wp-json\/wp\/v2\/posts"}],"about":[{"href":"https:\/\/agora.xtec.cat\/ceipmontoliu\/wp-json\/wp\/v2\/types\/post"}],"author":[{"embeddable":true,"href":"https:\/\/agora.xtec.cat\/ceipmontoliu\/wp-json\/wp\/v2\/users\/1"}],"replies":[{"embeddable":true,"href":"https:\/\/agora.xtec.cat\/ceipmontoliu\/wp-json\/wp\/v2\/comments?post=1797"}],"version-history":[{"count":1,"href":"https:\/\/agora.xtec.cat\/ceipmontoliu\/wp-json\/wp\/v2\/posts\/1797\/revisions"}],"predecessor-version":[{"id":1802,"href":"https:\/\/agora.xtec.cat\/ceipmontoliu\/wp-json\/wp\/v2\/posts\/1797\/revisions\/1802"}],"wp:attachment":[{"href":"https:\/\/agora.xtec.cat\/ceipmontoliu\/wp-json\/wp\/v2\/media?parent=1797"}],"wp:term":[{"taxonomy":"category","embeddable":true,"href":"https:\/\/agora.xtec.cat\/ceipmontoliu\/wp-json\/wp\/v2\/categories?post=1797"},{"taxonomy":"post_tag","embeddable":true,"href":"https:\/\/agora.xtec.cat\/ceipmontoliu\/wp-json\/wp\/v2\/tags?post=1797"}],"curies":[{"name":"wp","href":"https:\/\/api.w.org\/{rel}","templated":true}]}}