{"id":1697,"date":"2021-09-15T14:50:54","date_gmt":"2021-09-15T12:50:54","guid":{"rendered":"https:\/\/agora.xtec.cat\/ceipmontoliu\/?p=1697"},"modified":"2021-09-15T14:51:55","modified_gmt":"2021-09-15T12:51:55","slug":"inauguracio-del-rocodrom-i-la-pista-de-bitlles","status":"publish","type":"post","link":"https:\/\/agora.xtec.cat\/ceipmontoliu\/general\/inauguracio-del-rocodrom-i-la-pista-de-bitlles\/","title":{"rendered":"Inauguraci\u00f3 del roc\u00f2drom i la pista de bitlles"},"content":{"rendered":"<p>L&#8217;escola Montoliu, de la Riera de Gai\u00e0, ha inaugurat dos equipaments esportius al pati de prim\u00e0ria: un roc\u00f2drom i una pista de bitlles.<\/p>\n<p>El primer ha estat fruit de la col\u00b7laboraci\u00f3 i entesa de l&#8217;ajuntament rierenc amb l&#8217;AMPA i la mateixa escola Montoliu, entre les tres entitats han sufragat la despesa generada. El roc\u00f2drom d&#8217;uns 12 m per 3 cont\u00e9 un mural amb un paisatge al\u00b7leg\u00f2ric on s&#8217;hi reflecteixen alguns dels llocs m\u00e9s emblem\u00e0tics del municipi com s\u00f3n l&#8217;esgl\u00e9sia, el pl\u00e0tan de la pla\u00e7a, el riu Gai\u00e0, els Deu ponts&#8230;<\/p>\n<p>El segon ha estat patrocinat \u00edntegrament per l&#8217;ajuntament de la Riera i ser\u00e0 l&#8217;AMPA qui facilitar\u00e0 les bitlles i altres jocs de punteria que tamb\u00e9 es podran practicar al mateix espai.<\/p>\n<p>Aquests equipaments faciliten l&#8217;autoaprenentatge dels alumnes, milloren la seva autoestima i permeten distribuir les diferents grups-classe per l&#8217;espai del pati durant l&#8217;hora de l&#8217;esbarjo.<\/p>\n\r\n\t<div class=\"slideshow_container slideshow_container_style-light\" style=\"height: 300px; \" data-slideshow-id=\"1700\" data-style-name=\"style-light\" data-style-version=\"2.3.1\" >\r\n\r\n\t\t\t\t\t<div class=\"slideshow_loading_icon\"><\/div>\r\n\t\t\r\n\t\t<div class=\"slideshow_content\" style=\"display: none;\">\r\n\r\n\t\t\t<div class=\"slideshow_view\">\r\n\t\t\t\t<div class=\"slideshow_slide slideshow_slide_image\">\r\n\t\t\t\t\t\t\t\t\t\t\t<img src=\"https:\/\/agora.xtec.cat\/ceipmontoliu\/wp-content\/uploads\/usu1868\/2021\/09\/IMG_20210915_120250_113.jpg\" alt=\"IMG_20210915_120250_113\" width=\"1440\" height=\"1440\" \/>\r\n\t\t\t\t\t\t\t\t\t\t<div class=\"slideshow_description_box slideshow_transparent\">\r\n\t\t\t\t\t\t<div class=\"slideshow_title\">IMG_20210915_120250_113<\/div>\t\t\t\t\t\t\t\t\t\t\t<\/div>\r\n\t\t\t\t<\/div>\r\n\r\n\t\t\t\t\t\t<div style=\"clear: both;\"><\/div><\/div><div class=\"slideshow_view\">\r\n\t\t\t\t<div class=\"slideshow_slide slideshow_slide_image\">\r\n\t\t\t\t\t\t\t\t\t\t\t<img src=\"https:\/\/agora.xtec.cat\/ceipmontoliu\/wp-content\/uploads\/usu1868\/2021\/09\/IMG_20210915_120250_338.jpg\" alt=\"IMG_20210915_120250_338\" width=\"1440\" height=\"1440\" \/>\r\n\t\t\t\t\t\t\t\t\t\t<div class=\"slideshow_description_box slideshow_transparent\">\r\n\t\t\t\t\t\t<div class=\"slideshow_title\">IMG_20210915_120250_338<\/div>\t\t\t\t\t\t\t\t\t\t\t<\/div>\r\n\t\t\t\t<\/div>\r\n\r\n\t\t\t\t\t\t<div style=\"clear: both;\"><\/div><\/div><div class=\"slideshow_view\">\r\n\t\t\t\t<div class=\"slideshow_slide slideshow_slide_image\">\r\n\t\t\t\t\t\t\t\t\t\t\t<img src=\"https:\/\/agora.xtec.cat\/ceipmontoliu\/wp-content\/uploads\/usu1868\/2021\/09\/WhatsApp-Image-2021-09-15-at-11.00.12.jpeg\" alt=\"WhatsApp Image 2021-09-15 at 11.00.12\" width=\"1536\" height=\"2048\" \/>\r\n\t\t\t\t\t\t\t\t\t\t<div class=\"slideshow_description_box slideshow_transparent\">\r\n\t\t\t\t\t\t<div class=\"slideshow_title\">WhatsApp Image 2021-09-15 at 11.00.12<\/div>\t\t\t\t\t\t\t\t\t\t\t<\/div>\r\n\t\t\t\t<\/div>\r\n\r\n\t\t\t\t\t\t<div style=\"clear: both;\"><\/div><\/div><div class=\"slideshow_view\">\r\n\t\t\t\t<div class=\"slideshow_slide slideshow_slide_image\">\r\n\t\t\t\t\t\t\t\t\t\t\t<img src=\"https:\/\/agora.xtec.cat\/ceipmontoliu\/wp-content\/uploads\/usu1868\/2021\/09\/WhatsApp-Image-2021-09-15-at-11.00.10-1.jpeg\" alt=\"WhatsApp Image 2021-09-15 at 11.00.10 (1)\" width=\"2048\" height=\"1536\" \/>\r\n\t\t\t\t\t\t\t\t\t\t<div class=\"slideshow_description_box slideshow_transparent\">\r\n\t\t\t\t\t\t<div class=\"slideshow_title\">WhatsApp Image 2021-09-15 at 11.00.10 (1)<\/div>\t\t\t\t\t\t\t\t\t\t\t<\/div>\r\n\t\t\t\t<\/div>\r\n\r\n\t\t\t\t\t\t<div style=\"clear: both;\"><\/div><\/div><div class=\"slideshow_view\">\r\n\t\t\t\t<div class=\"slideshow_slide slideshow_slide_image\">\r\n\t\t\t\t\t\t\t\t\t\t\t<img src=\"https:\/\/agora.xtec.cat\/ceipmontoliu\/wp-content\/uploads\/usu1868\/2021\/09\/WhatsApp-Image-2021-09-15-at-11.00.10.jpeg\" alt=\"WhatsApp Image 2021-09-15 at 11.00.10\" width=\"2048\" height=\"1536\" \/>\r\n\t\t\t\t\t\t\t\t\t\t<div class=\"slideshow_description_box slideshow_transparent\">\r\n\t\t\t\t\t\t<div class=\"slideshow_title\">WhatsApp Image 2021-09-15 at 11.00.10<\/div>\t\t\t\t\t\t\t\t\t\t\t<\/div>\r\n\t\t\t\t<\/div>\r\n\r\n\t\t\t\t\t\t<div style=\"clear: both;\"><\/div><\/div>\r\n\t\t<\/div>\r\n\r\n\t\t<div class=\"slideshow_controlPanel slideshow_transparent\" style=\"display: none;\"><ul><li class=\"slideshow_togglePlay\" data-play-text=\"Visualitza\" data-pause-text=\"Pausa\"><\/li><\/ul><\/div>\r\n\r\n\t\t<div class=\"slideshow_button slideshow_previous slideshow_transparent\" role=\"button\" data-previous-text=\"Anterior\" style=\"display: none;\"><\/div>\r\n\t\t<div class=\"slideshow_button slideshow_next slideshow_transparent\" role=\"button\" data-next-text=\"Seg\u00fcent\" style=\"display: none;\"><\/div>\r\n\r\n\t\t<div class=\"slideshow_pagination\" style=\"display: none;\" data-go-to-text=\"V\u00e9s a la diapositiva\"><div class=\"slideshow_pagination_center\"><\/div><\/div>\r\n\r\n\t\t<!-- WordPress Slideshow Version 2.3.1 -->\r\n\r\n\t\t\t<\/div>\r\n\r\n\n","protected":false},"excerpt":{"rendered":"<p>L&#8217;escola Montoliu, de la Riera de Gai\u00e0, ha inaugurat dos equipaments esportius al pati de prim\u00e0ria: un roc\u00f2drom i una pista de bitlles. El primer ha estat fruit de la col\u00b7laboraci\u00f3 i entesa de l&#8217;ajuntament rierenc amb l&#8217;AMPA i la mateixa escola Montoliu, entre les tres entitats han sufragat la despesa generada. El roc\u00f2drom d&#8217;uns [&hellip;]<\/p>\n","protected":false},"author":1,"featured_media":1704,"comment_status":"open","ping_status":"closed","sticky":false,"template":"","format":"standard","meta":{"_bbp_topic_count":0,"_bbp_reply_count":0,"_bbp_total_topic_count":0,"_bbp_total_reply_count":0,"_bbp_voice_count":0,"_bbp_anonymous_reply_count":0,"_bbp_topic_count_hidden":0,"_bbp_reply_count_hidden":0,"_bbp_forum_subforum_count":0,"site-sidebar-layout":"default","site-content-layout":"","ast-site-content-layout":"","site-content-style":"default","site-sidebar-style":"default","ast-global-header-display":"","ast-banner-title-visibility":"","ast-main-header-display":"","ast-hfb-above-header-display":"","ast-hfb-below-header-display":"","ast-hfb-mobile-header-display":"","site-post-title":"","ast-breadcrumbs-content":"","ast-featured-img":"","footer-sml-layout":"","theme-transparent-header-meta":"","adv-header-id-meta":"","stick-header-meta":"","header-above-stick-meta":"","header-main-stick-meta":"","header-below-stick-meta":"","astra-migrate-meta-layouts":"default","ast-page-background-enabled":"default","ast-page-background-meta":{"desktop":{"background-color":"var(--ast-global-color-4)","background-image":"","background-repeat":"repeat","background-position":"center center","background-size":"auto","background-attachment":"scroll","background-type":"","background-media":"","overlay-type":"","overlay-color":"","overlay-opacity":"","overlay-gradient":""},"tablet":{"background-color":"","background-image":"","background-repeat":"repeat","background-position":"center center","background-size":"auto","background-attachment":"scroll","background-type":"","background-media":"","overlay-type":"","overlay-color":"","overlay-opacity":"","overlay-gradient":""},"mobile":{"background-color":"","background-image":"","background-repeat":"repeat","background-position":"center center","background-size":"auto","background-attachment":"scroll","background-type":"","background-media":"","overlay-type":"","overlay-color":"","overlay-opacity":"","overlay-gradient":""}},"ast-content-background-meta":{"desktop":{"background-color":"var(--ast-global-color-5)","background-image":"","background-repeat":"repeat","background-position":"center center","background-size":"auto","background-attachment":"scroll","background-type":"","background-media":"","overlay-type":"","overlay-color":"","overlay-opacity":"","overlay-gradient":""},"tablet":{"background-color":"var(--ast-global-color-5)","background-image":"","background-repeat":"repeat","background-position":"center center","background-size":"auto","background-attachment":"scroll","background-type":"","background-media":"","overlay-type":"","overlay-color":"","overlay-opacity":"","overlay-gradient":""},"mobile":{"background-color":"var(--ast-global-color-5)","background-image":"","background-repeat":"repeat","background-position":"center center","background-size":"auto","background-attachment":"scroll","background-type":"","background-media":"","overlay-type":"","overlay-color":"","overlay-opacity":"","overlay-gradient":""}},"footnotes":""},"categories":[1,4],"tags":[106,90,105,104],"class_list":["post-1697","post","type-post","status-publish","format-standard","has-post-thumbnail","hentry","category-general","category-portada","tag-ajuntamentdelariera","tag-alumnesifamilies","tag-ampa","tag-educacio-fisica"],"post_mailing_queue_ids":[],"_links":{"self":[{"href":"https:\/\/agora.xtec.cat\/ceipmontoliu\/wp-json\/wp\/v2\/posts\/1697","targetHints":{"allow":["GET"]}}],"collection":[{"href":"https:\/\/agora.xtec.cat\/ceipmontoliu\/wp-json\/wp\/v2\/posts"}],"about":[{"href":"https:\/\/agora.xtec.cat\/ceipmontoliu\/wp-json\/wp\/v2\/types\/post"}],"author":[{"embeddable":true,"href":"https:\/\/agora.xtec.cat\/ceipmontoliu\/wp-json\/wp\/v2\/users\/1"}],"replies":[{"embeddable":true,"href":"https:\/\/agora.xtec.cat\/ceipmontoliu\/wp-json\/wp\/v2\/comments?post=1697"}],"version-history":[{"count":2,"href":"https:\/\/agora.xtec.cat\/ceipmontoliu\/wp-json\/wp\/v2\/posts\/1697\/revisions"}],"predecessor-version":[{"id":1706,"href":"https:\/\/agora.xtec.cat\/ceipmontoliu\/wp-json\/wp\/v2\/posts\/1697\/revisions\/1706"}],"wp:featuredmedia":[{"embeddable":true,"href":"https:\/\/agora.xtec.cat\/ceipmontoliu\/wp-json\/wp\/v2\/media\/1704"}],"wp:attachment":[{"href":"https:\/\/agora.xtec.cat\/ceipmontoliu\/wp-json\/wp\/v2\/media?parent=1697"}],"wp:term":[{"taxonomy":"category","embeddable":true,"href":"https:\/\/agora.xtec.cat\/ceipmontoliu\/wp-json\/wp\/v2\/categories?post=1697"},{"taxonomy":"post_tag","embeddable":true,"href":"https:\/\/agora.xtec.cat\/ceipmontoliu\/wp-json\/wp\/v2\/tags?post=1697"}],"curies":[{"name":"wp","href":"https:\/\/api.w.org\/{rel}","templated":true}]}}