{"id":1560,"date":"2021-05-17T09:00:10","date_gmt":"2021-05-17T07:00:10","guid":{"rendered":"http:\/\/agora.xtec.cat\/ceipmontoliu\/?p=1560"},"modified":"2021-05-17T08:49:32","modified_gmt":"2021-05-17T06:49:32","slug":"menjadors-escolars-ajuts","status":"publish","type":"post","link":"https:\/\/agora.xtec.cat\/ceipmontoliu\/general\/menjadors-escolars-ajuts\/","title":{"rendered":"MENJADORS ESCOLARS: AJUTS"},"content":{"rendered":"<p><strong>CONSELL COMARCAL DEL TARRAGON\u00c8S (CCT). AJUTS INDIVIDUALS DE MENJADOR (AIM)<\/strong><\/p>\n<ul>\n<li><a class=\"internal-link\" title=\"\" href=\"http:\/\/tarragones.cat\/ensenyament\/menjadors-escolars-ajuts\/bases-aim-21-22\" target=\"_self\" rel=\"noopener noreferrer\">Bases de la convocat\u00f2ria, curs 2021-22<\/a><\/li>\n<\/ul>\n<p><strong>SOL\u00b7LICITUD D&#8217;AIM. 1a. Convocat\u00f2ria<\/strong><\/p>\n<p>A.\u00a0<strong><a class=\"internal-link\" title=\"\" href=\"http:\/\/tarragones.cat\/ensenyament\/menjadors-escolars-ajuts\/model-abreujat-v1-21-22\" target=\"_self\" rel=\"noopener noreferrer\">Model abreujat<\/a><\/strong><b>.<\/b>\u00a0Adre\u00e7at \u00daNICAMENT a les fam\u00edlies d\u2019alumnes, excepte si es troben entre algun dels sup\u00f2sits de l\u2019apartat\u00a0<b>B<\/b>, que:<\/p>\n<div>\n<ul>\n<li>El curs passat van presentar sol\u00b7licitud.<\/li>\n<li>Alumnes de\u00a0<b>1 EI<\/b>\u00a0amb germans que ja van presentar sol\u00b7licitud a la convocat\u00f2ria del curs passat.<\/li>\n<\/ul>\n<p>B.\u00a0<strong><a class=\"internal-link\" title=\"\" href=\"http:\/\/tarragones.cat\/ensenyament\/menjadors-escolars-ajuts\/model-ordinari-21-22-1\" target=\"_self\" rel=\"noopener noreferrer\">Model ordinari<\/a><\/strong><b>.<\/b>\u00a0Adre\u00e7at a les fam\u00edlies que, tot i que el curs passat haguessin presentat sol\u00b7licitud:<\/p>\n<ul>\n<li>Tenen alumnes amb cust\u00f2dia compartida.<\/li>\n<li>Tenen alumnes en acolliment.<\/li>\n<li>Han canviat el nombre de membre de la unitat familiar respecte el curs passat. Exemple: un nou fill, hi ha hagut una separaci\u00f3, defunci\u00f3, emancipaci\u00f3&#8230;.<\/li>\n<li>Se&#8217;ls hagu\u00e9s denegat l&#8217;ajut per manca de documentaci\u00f3.<\/li>\n<\/ul>\n<p>O aquelles fam\u00edlies que:<\/p>\n<ul>\n<li>No van presentar sol\u00b7licitud d&#8217;AIM el curs passat.<\/li>\n<li>Altres situacions<\/li>\n<\/ul>\n<\/div>\n<p><strong>LA PRESENTACI\u00d3 DE LES SOL\u00b7LICITUDS PER PART DE L&#8217;INTERESSAT ES POT FER DE LA SEG\u00dcENT MANERA<\/strong><\/p>\n<ul>\n<li>Al centre docent, quan les\u00a0circumst\u00e0ncies organitzatives ho permetin.<\/li>\n<li>Presencial\u00a0al CCT amb\u00a0<a class=\"external-link\" title=\"\" href=\"http:\/\/tarragones.cat\/cita-previa-1\/cita-previa-beques-menjador-2021-2022\" target=\"_self\" rel=\"noopener noreferrer\">cita pr\u00e8via<\/a>.<\/li>\n<li>Amb\u00a0<a class=\"external-link\" title=\"\" href=\"https:\/\/tramits.seu.cat\/ABSIS\/EAD\/webspublicacion\/eMiservicio\/catala\/VisorITs\/C2FFC14F6BA849C28517F9729353E7D8.asp?codent=979&amp;FIL_WTXIDTRAM=28B7A8520D26412DAC26BC457211A9E6&amp;INF_WTXNOMTAB=FINSGENER&amp;INF_WTXCHKTEL=S&amp;INF_WTXIDSERT=FINSGENER&amp;INF_WTXNOMTRA=Inst%C3%A0ncia%20gen%C3%A8rica\" target=\"_self\" rel=\"noopener noreferrer\">inst\u00e0ncia gen\u00e8rica<\/a>\u00a0al Consell\u00a0(\u00fanicament\u00a0<em>model abreujat).\u00a0<\/em>Aquest tr\u00e0mit requereix tenir\u00a0<a class=\"external-link\" title=\"\" href=\"https:\/\/idcatmobil.seu.cat\/\" target=\"_self\" rel=\"noopener noreferrer\">IdCAT-m\u00f2bil<\/a>.<\/li>\n<\/ul>\n<p><strong>COM DEMANAR CITA PR\u00c8VIA AL CCT?<\/strong><\/p>\n<p>Es pot demanar\u00a0<strong><a class=\"external-link\" title=\"\" href=\"http:\/\/tarragones.cat\/cita-previa-1\/cita-previa-beques-menjador-2021-2022\" target=\"_self\" rel=\"noopener noreferrer\">cita pr\u00e8via<\/a>,<\/strong>\u00a0a partir del 17 de maig de 2021,\u00a0per presentar sol\u00b7licitud d&#8217;ajut individual de menjador o portar documentaci\u00f3 que hi falti.<\/p>\n<p>Observacions: mascareta, la documentaci\u00f3\u00a0 requerida ha d&#8217;estar ben emplenada amb les fotoc\u00f2pies necess\u00e0ries, bol\u00edgraf i s&#8217;atendr\u00e0\u00a0una sola persona per visita.<\/p>\n<p><strong>TERMINI PRESENTACI\u00d3 DE SOL\u00b7LICITUD \/ DOCUMENTACI\u00d3 \/ RECLAMACI\u00d3 AL CCT:<\/strong><\/p>\n<ul>\n<li>1a Convocat\u00f2ria:\n<ul>\n<li>Presentaci\u00f3 sol\u00b7licitud: del 25 de maig a l&#8217;11 de juny de 2021<\/li>\n<\/ul>\n<\/li>\n<li>2a Convocat\u00f2ria:\n<ul>\n<li>Presentaci\u00f3 sol\u00b7licitud: del 6 al 17 de setembre de 2021 (per alumnes nous al centre)<\/li>\n<\/ul>\n<\/li>\n<\/ul>\n","protected":false},"excerpt":{"rendered":"<p>AJUTS INDIVIDUALS DE MENJADOR (AIM)<\/p>\n","protected":false},"author":1,"featured_media":1561,"comment_status":"open","ping_status":"closed","sticky":false,"template":"","format":"standard","meta":{"_bbp_topic_count":0,"_bbp_reply_count":0,"_bbp_total_topic_count":0,"_bbp_total_reply_count":0,"_bbp_voice_count":0,"_bbp_anonymous_reply_count":0,"_bbp_topic_count_hidden":0,"_bbp_reply_count_hidden":0,"_bbp_forum_subforum_count":0,"site-sidebar-layout":"default","site-content-layout":"","ast-site-content-layout":"","site-content-style":"default","site-sidebar-style":"default","ast-global-header-display":"","ast-banner-title-visibility":"","ast-main-header-display":"","ast-hfb-above-header-display":"","ast-hfb-below-header-display":"","ast-hfb-mobile-header-display":"","site-post-title":"","ast-breadcrumbs-content":"","ast-featured-img":"","footer-sml-layout":"","theme-transparent-header-meta":"","adv-header-id-meta":"","stick-header-meta":"","header-above-stick-meta":"","header-main-stick-meta":"","header-below-stick-meta":"","astra-migrate-meta-layouts":"default","ast-page-background-enabled":"default","ast-page-background-meta":{"desktop":{"background-color":"var(--ast-global-color-4)","background-image":"","background-repeat":"repeat","background-position":"center center","background-size":"auto","background-attachment":"scroll","background-type":"","background-media":"","overlay-type":"","overlay-color":"","overlay-opacity":"","overlay-gradient":""},"tablet":{"background-color":"","background-image":"","background-repeat":"repeat","background-position":"center center","background-size":"auto","background-attachment":"scroll","background-type":"","background-media":"","overlay-type":"","overlay-color":"","overlay-opacity":"","overlay-gradient":""},"mobile":{"background-color":"","background-image":"","background-repeat":"repeat","background-position":"center center","background-size":"auto","background-attachment":"scroll","background-type":"","background-media":"","overlay-type":"","overlay-color":"","overlay-opacity":"","overlay-gradient":""}},"ast-content-background-meta":{"desktop":{"background-color":"var(--ast-global-color-5)","background-image":"","background-repeat":"repeat","background-position":"center center","background-size":"auto","background-attachment":"scroll","background-type":"","background-media":"","overlay-type":"","overlay-color":"","overlay-opacity":"","overlay-gradient":""},"tablet":{"background-color":"var(--ast-global-color-5)","background-image":"","background-repeat":"repeat","background-position":"center center","background-size":"auto","background-attachment":"scroll","background-type":"","background-media":"","overlay-type":"","overlay-color":"","overlay-opacity":"","overlay-gradient":""},"mobile":{"background-color":"var(--ast-global-color-5)","background-image":"","background-repeat":"repeat","background-position":"center center","background-size":"auto","background-attachment":"scroll","background-type":"","background-media":"","overlay-type":"","overlay-color":"","overlay-opacity":"","overlay-gradient":""}},"footnotes":""},"categories":[1,4],"tags":[94,101,93],"class_list":["post-1560","post","type-post","status-publish","format-standard","has-post-thumbnail","hentry","category-general","category-portada","tag-ajuts","tag-beques","tag-menjador"],"post_mailing_queue_ids":[],"_links":{"self":[{"href":"https:\/\/agora.xtec.cat\/ceipmontoliu\/wp-json\/wp\/v2\/posts\/1560","targetHints":{"allow":["GET"]}}],"collection":[{"href":"https:\/\/agora.xtec.cat\/ceipmontoliu\/wp-json\/wp\/v2\/posts"}],"about":[{"href":"https:\/\/agora.xtec.cat\/ceipmontoliu\/wp-json\/wp\/v2\/types\/post"}],"author":[{"embeddable":true,"href":"https:\/\/agora.xtec.cat\/ceipmontoliu\/wp-json\/wp\/v2\/users\/1"}],"replies":[{"embeddable":true,"href":"https:\/\/agora.xtec.cat\/ceipmontoliu\/wp-json\/wp\/v2\/comments?post=1560"}],"version-history":[{"count":1,"href":"https:\/\/agora.xtec.cat\/ceipmontoliu\/wp-json\/wp\/v2\/posts\/1560\/revisions"}],"predecessor-version":[{"id":1562,"href":"https:\/\/agora.xtec.cat\/ceipmontoliu\/wp-json\/wp\/v2\/posts\/1560\/revisions\/1562"}],"wp:featuredmedia":[{"embeddable":true,"href":"https:\/\/agora.xtec.cat\/ceipmontoliu\/wp-json\/wp\/v2\/media\/1561"}],"wp:attachment":[{"href":"https:\/\/agora.xtec.cat\/ceipmontoliu\/wp-json\/wp\/v2\/media?parent=1560"}],"wp:term":[{"taxonomy":"category","embeddable":true,"href":"https:\/\/agora.xtec.cat\/ceipmontoliu\/wp-json\/wp\/v2\/categories?post=1560"},{"taxonomy":"post_tag","embeddable":true,"href":"https:\/\/agora.xtec.cat\/ceipmontoliu\/wp-json\/wp\/v2\/tags?post=1560"}],"curies":[{"name":"wp","href":"https:\/\/api.w.org\/{rel}","templated":true}]}}