{"id":1298,"date":"2020-10-08T16:48:23","date_gmt":"2020-10-08T14:48:23","guid":{"rendered":"http:\/\/agora.xtec.cat\/ceipmontoliu\/?p=1298"},"modified":"2020-10-08T16:48:23","modified_gmt":"2020-10-08T14:48:23","slug":"convocatoria-de-vaga-9-doctubre","status":"publish","type":"post","link":"https:\/\/agora.xtec.cat\/ceipmontoliu\/general\/convocatoria-de-vaga-9-doctubre\/","title":{"rendered":"Convocat\u00f2ria de vaga &#8211; 9 d&#8217;octubre"},"content":{"rendered":"<p>Benvolguts\/des<br \/>\nLa CGT Ensenyament i el Sindicat de Professors de Secund\u00e0ria (aspepc\u00b7sps), convoquen a dues jornades de vaga els dies 9 i 15 d\u2019octubre per exigir la inversi\u00f3 i els recursos necessaris per impartir l\u2019educaci\u00f3 presencial sense posar en risc la salut de la comunitat educativa. At\u00e8s que dem\u00e0 \u00e9s el primer dia d&#8217;aquesta convocat\u00f2ria, us fem saber que els serveis m\u00ednims estan coberts segons s&#8217;estableix en l&#8217;ORDRE TSF\/ \/2020, per la qual es garanteixen els serveis essencials que presten els centres d\u2019ensenyament p\u00fablic dins l\u2019\u00e0mbit territorial de Catalunya, i que s\u00f3n els seg\u00fcents per a l&#8217;educaci\u00f3 infantil i prim\u00e0ria (de 3 a 12 anys):<\/p>\n<p>1 persona de l\u2019equip directiu i 2 docents per cada 4 unitats.<\/p>\n<p>Davant la impossibilitat legal de saber quina ser\u00e0 l\u2019afectaci\u00f3, us informem que:<br \/>\n-L\u2019Escola Montoliu garantir\u00e0 els serveis m\u00ednims decretats pel Departament de Treball, Afers Socials i Fam\u00edlies.<br \/>\n-Durant la jornada es garantir\u00e0 l\u2019atenci\u00f3 de l\u2019alumnat que assisteixi a l\u2019escola per\u00f2, depenent del grau de seguiment que pugui haver-hi, no podr\u00e0 ser una jornada normal de classe.<\/p>\n","protected":false},"excerpt":{"rendered":"<p>Benvolguts\/des La CGT Ensenyament i el Sindicat de Professors de Secund\u00e0ria (aspepc\u00b7sps), convoquen a dues jornades de vaga els dies 9 i 15 d\u2019octubre per exigir la inversi\u00f3 i els recursos necessaris per impartir l\u2019educaci\u00f3 presencial sense posar en risc la salut de la comunitat educativa. At\u00e8s que dem\u00e0 \u00e9s el primer dia d&#8217;aquesta convocat\u00f2ria, [&hellip;]<\/p>\n","protected":false},"author":1,"featured_media":0,"comment_status":"open","ping_status":"closed","sticky":false,"template":"","format":"standard","meta":{"_bbp_topic_count":0,"_bbp_reply_count":0,"_bbp_total_topic_count":0,"_bbp_total_reply_count":0,"_bbp_voice_count":0,"_bbp_anonymous_reply_count":0,"_bbp_topic_count_hidden":0,"_bbp_reply_count_hidden":0,"_bbp_forum_subforum_count":0,"site-sidebar-layout":"default","site-content-layout":"","ast-site-content-layout":"","site-content-style":"default","site-sidebar-style":"default","ast-global-header-display":"","ast-banner-title-visibility":"","ast-main-header-display":"","ast-hfb-above-header-display":"","ast-hfb-below-header-display":"","ast-hfb-mobile-header-display":"","site-post-title":"","ast-breadcrumbs-content":"","ast-featured-img":"","footer-sml-layout":"","theme-transparent-header-meta":"","adv-header-id-meta":"","stick-header-meta":"","header-above-stick-meta":"","header-main-stick-meta":"","header-below-stick-meta":"","astra-migrate-meta-layouts":"default","ast-page-background-enabled":"default","ast-page-background-meta":{"desktop":{"background-color":"var(--ast-global-color-4)","background-image":"","background-repeat":"repeat","background-position":"center center","background-size":"auto","background-attachment":"scroll","background-type":"","background-media":"","overlay-type":"","overlay-color":"","overlay-opacity":"","overlay-gradient":""},"tablet":{"background-color":"","background-image":"","background-repeat":"repeat","background-position":"center center","background-size":"auto","background-attachment":"scroll","background-type":"","background-media":"","overlay-type":"","overlay-color":"","overlay-opacity":"","overlay-gradient":""},"mobile":{"background-color":"","background-image":"","background-repeat":"repeat","background-position":"center center","background-size":"auto","background-attachment":"scroll","background-type":"","background-media":"","overlay-type":"","overlay-color":"","overlay-opacity":"","overlay-gradient":""}},"ast-content-background-meta":{"desktop":{"background-color":"var(--ast-global-color-5)","background-image":"","background-repeat":"repeat","background-position":"center center","background-size":"auto","background-attachment":"scroll","background-type":"","background-media":"","overlay-type":"","overlay-color":"","overlay-opacity":"","overlay-gradient":""},"tablet":{"background-color":"var(--ast-global-color-5)","background-image":"","background-repeat":"repeat","background-position":"center center","background-size":"auto","background-attachment":"scroll","background-type":"","background-media":"","overlay-type":"","overlay-color":"","overlay-opacity":"","overlay-gradient":""},"mobile":{"background-color":"var(--ast-global-color-5)","background-image":"","background-repeat":"repeat","background-position":"center center","background-size":"auto","background-attachment":"scroll","background-type":"","background-media":"","overlay-type":"","overlay-color":"","overlay-opacity":"","overlay-gradient":""}},"footnotes":""},"categories":[1,4],"tags":[],"class_list":["post-1298","post","type-post","status-publish","format-standard","hentry","category-general","category-portada"],"post_mailing_queue_ids":[],"_links":{"self":[{"href":"https:\/\/agora.xtec.cat\/ceipmontoliu\/wp-json\/wp\/v2\/posts\/1298","targetHints":{"allow":["GET"]}}],"collection":[{"href":"https:\/\/agora.xtec.cat\/ceipmontoliu\/wp-json\/wp\/v2\/posts"}],"about":[{"href":"https:\/\/agora.xtec.cat\/ceipmontoliu\/wp-json\/wp\/v2\/types\/post"}],"author":[{"embeddable":true,"href":"https:\/\/agora.xtec.cat\/ceipmontoliu\/wp-json\/wp\/v2\/users\/1"}],"replies":[{"embeddable":true,"href":"https:\/\/agora.xtec.cat\/ceipmontoliu\/wp-json\/wp\/v2\/comments?post=1298"}],"version-history":[{"count":1,"href":"https:\/\/agora.xtec.cat\/ceipmontoliu\/wp-json\/wp\/v2\/posts\/1298\/revisions"}],"predecessor-version":[{"id":1299,"href":"https:\/\/agora.xtec.cat\/ceipmontoliu\/wp-json\/wp\/v2\/posts\/1298\/revisions\/1299"}],"wp:attachment":[{"href":"https:\/\/agora.xtec.cat\/ceipmontoliu\/wp-json\/wp\/v2\/media?parent=1298"}],"wp:term":[{"taxonomy":"category","embeddable":true,"href":"https:\/\/agora.xtec.cat\/ceipmontoliu\/wp-json\/wp\/v2\/categories?post=1298"},{"taxonomy":"post_tag","embeddable":true,"href":"https:\/\/agora.xtec.cat\/ceipmontoliu\/wp-json\/wp\/v2\/tags?post=1298"}],"curies":[{"name":"wp","href":"https:\/\/api.w.org\/{rel}","templated":true}]}}