{"id":1102,"date":"2020-05-03T17:19:50","date_gmt":"2020-05-03T15:19:50","guid":{"rendered":"http:\/\/agora.xtec.cat\/ceipmontoliu\/?p=1102"},"modified":"2020-05-15T10:02:48","modified_gmt":"2020-05-15T08:02:48","slug":"preinscripcio-curs-2020-2021","status":"publish","type":"post","link":"https:\/\/agora.xtec.cat\/ceipmontoliu\/general\/preinscripcio-curs-2020-2021\/","title":{"rendered":"Preinscripci\u00f3 i matr\u00edcula curs 2020-2021"},"content":{"rendered":"<p style=\"text-align: justify;\">La crisi sanit\u00e0ria ocasionada per la covid-19 ha comportat la suspensi\u00f3 del procediment de preinscripci\u00f3 i matr\u00edcula d\u2019alumnes, regulat mitjan\u00e7ant la Resoluci\u00f3 EDU\/576\/2020, de 28 de febrer, per la qual s\u2019aproven les normes de preinscripci\u00f3 i matr\u00edcula d&#8217;alumnes als centres del Servei d&#8217;Educaci\u00f3 de Catalunya i altres centres educatius, en els diversos ensenyaments sostinguts amb fons p\u00fablics, per al curs 2020-2021.<\/p>\n<p style=\"text-align: justify;\">Per fer possible la realitzaci\u00f3 d\u2019aquest procediment, que \u00e9s imprescindible per al funcionament correcte del sistema,\u00a0<strong>s\u2019han\u00a0ajustat els calendaris i s\u2019han introdu\u00eft alguns canvis en la gesti\u00f3,\u00a0amb la\u00a0incorporaci\u00f3 de totes les mesures de prevenci\u00f3\u00a0imprescindibles per fer les gestions de forma segura, tant per al personal implicat com per a la ciutadana.<\/strong><\/p>\n<p style=\"text-align: justify;\"><strong>A partir el 13 de maig i fins el 22 del mateix mes es podr\u00e0 dur a terme la preinscripci\u00f3 escolar per als ensenyaments de primer i segon cicle d\u2019educaci\u00f3 infantil, educaci\u00f3 prim\u00e0ria i educaci\u00f3 secund\u00e0ria obligat\u00f2ria.<\/strong> Un proc\u00e9s que enguany, a causa de les circumst\u00e0ncies extraordin\u00e0ries per la covid-19, tindr\u00e0 uns dies espec\u00edfics per atendre les preinscripcions presencials.<\/p>\n<p style=\"text-align: justify;\">Aix\u00ed, com a prevenci\u00f3 davant el coronavirus, es promou la preinscripci\u00f3 telem\u00e0tica, i el tr\u00e0mit es podr\u00e0 fer tot online, a trav\u00e9s del portal\u00a0<a href=\"http:\/\/queestudiar.gencat.cat\/ca\/preinscripcio\/\">preinscripcio.gencat.cat<\/a>. S\u2019elimina la necessitat de presentar la sol\u00b7licitud i la documentaci\u00f3 en paper al centre, i queda substitu\u00efda per utilitzar\u00a0 el formulari telem\u00e0tic i un cop feta caldr\u00e0 enviar el resguard de la sol\u00b7licitud i total la documentaci\u00f3 necess\u00e0ria escanejada o fotografiada al correu del centre <a href=\"mailto:montoliuescola@gmail.com\"><strong>montoliuescola@gmail.com<\/strong><\/a> (a l\u2019assumpte poseu el nom de l\u2019alumne\/a i el curs que far\u00e0)<\/p>\n<p style=\"text-align: justify;\">Aquelles fam\u00edlies que no disposin dels mitjans per dur a terme el procediment telem\u00e0tic, i amb l\u2019objectiu de garantir l\u2019equitat, es preveu que disposin d\u2019uns dies per poder lliurar les seves sol\u00b7licituds de forma presencial. Aix\u00ed, <strong>la preinscripci\u00f3 presencial <\/strong>estar\u00e0 disponible a partir del 19 de maig i fins el 22 de maig incl\u00f2s, al nostre centre ser\u00e0 <strong>dimecres 20 de maig<\/strong>. Per a fer-ho, caldr\u00e0 <strong>demanar cita pr\u00e8via al centre<\/strong> trucant al <strong>tel\u00e8fon 977 65 55 39 (de 9:00 a 13:00 hores).<\/strong><\/p>\n<p style=\"text-align: justify;\"><strong>Preinscripci\u00f3 presencial amb seguretat<\/strong><\/p>\n<p style=\"text-align: justify;\">Per a les fam\u00edlies que hagin de fer \u00fas de la cita pr\u00e8via i la preinscripci\u00f3 presencial, us informem de com es far\u00e0 l\u2019atenci\u00f3 presencial per garantir la salut i la seguretat de tots.<\/p>\n<ul style=\"text-align: justify;\">\n<li>Al centre hi ha d\u2019anar el menor nombre possible de persones a fer les gestions (preferiblement, una sola persona)<\/li>\n<li>S\u2019ha de portar la sol\u00b7licitud emplenada des de casa i la documentaci\u00f3 a poder ser fotocopiada.<\/li>\n<li>Recomanem portar mascareta i guants<\/li>\n<li>No poden acudir les persones de grups d&#8217;especial vulnerabilitat o en per\u00edode de confinament, o que presentin s\u00edmptomes. En aquest cas, poden autoritzar per escrit a una altra persona a portar la sol\u00b7licitud i la documentaci\u00f3.<\/li>\n<\/ul>\n<p style=\"text-align: justify;\"><strong>Documentaci\u00f3 que s\u2019ha de portar:<\/strong><\/p>\n<ul style=\"text-align: justify;\">\n<li>Impr\u00e8s de <strong><a href=\"http:\/\/ensenyament.gencat.cat\/web\/shared\/OVT\/Departaments\/ENS\/TramitOVT\/preinscripcio\/obligatoris\/A42.pdf\">sol\u00b7licitud <\/a>emplenada<\/strong>.<\/li>\n<li>Original i fotoc\u00f2pia del <strong>llibre de fam\u00edlia<\/strong> o altres documents relatius a la filiaci\u00f3.<\/li>\n<li>Original i fotoc\u00f2pia del <strong>DNI<\/strong> de la persona sol\u00b7licitant (de l&#8217;alumne si en t\u00e9, del pare, la mare o tutor\/a o guardador\/a de fet) o de la targeta de resid\u00e8ncia on consta el <strong>NIE<\/strong> si es tracta de persones estrangeres.<\/li>\n<li>Original i fotoc\u00f2pia de la targeta sanit\u00e0ria <strong>(TIS)<\/strong> de l\u2019alumne\/a.<\/li>\n<li>Si l\u2019adre\u00e7a del DNI \u00e9s diferent de l\u2019actual, full del padr\u00f3 municipal.<\/li>\n<li><strong>Identificador de l\u2019alumne del Registre d\u2019Alumnes (RALC), <\/strong>l\u2019han de sol\u00b7licitar al centre, els alumnes de 2n cicle d\u2019educaci\u00f3 infantil i prim\u00e0ria, matriculats en algun centre de Catalunya a partir del curs 2015-2016. <strong>Els alumnes que s\u2019inici\u00efn a P3 no en disposen.<\/strong><\/li>\n<\/ul>\n<p style=\"text-align: justify;\">Tot i aix\u00f2, si s\u2019al\u00b7leguen algun dels criteris de puntuaci\u00f3, haureu d\u2019afegir la documentaci\u00f3 que l\u2019acrediti.<\/p>\n<p style=\"text-align: justify;\"><strong>Establiment del barem en els criteris de prioritat<\/strong><\/p>\n<p style=\"text-align: justify;\">En tots els ensenyaments obligatoris i el batxillerat, per a l&#8217;ordenaci\u00f3 de les sol\u00b7licituds s\u2019apliquen a continuaci\u00f3 els criteris generals de prioritat, que s\u00f3n els seg\u00fcents:<\/p>\n<ul style=\"text-align: justify;\">\n<li>Si actualment hi ha germans matriculats al centre o el pare, mare, tutor legal hi treballa: 40 punts.<\/li>\n<li>Per proximitat del domicili o del lloc de treball al centre sol\u00b7licitat en primer lloc (nom\u00e9s una opci\u00f3):\n<ul>\n<li>Domicili a l&#8217;\u00e0rea de proximitat del centre: 30 punts.<\/li>\n<li>Lloc de treball a l&#8217;\u00e0rea de proximitat del centre: 20 punts.<\/li>\n<li>Domicili al mateix municipi del centre: 10 punts.<\/li>\n<\/ul>\n<\/li>\n<li>Si el pare, mare o tutor legal reben l&#8217;ajut de la renda garantida de ciutadania: 10 punts.<\/li>\n<li>Per discapacitat igual o superior al 33% de l&#8217;alumne o d&#8217;un familiar de primer grau: 10 punts.<\/li>\n<\/ul>\n<p style=\"text-align: justify;\">Com a criteris complementaris de desempat, hi ha el de fam\u00edlia nombrosa o monoparental (15 punts).<\/p>\n<p style=\"text-align: justify;\">Els resultats de la preinscripci\u00f3 es podran consultar per internet: els resultats individuals des d\u2019Estudiar a Catalunya i els llistats al web del centre.<\/p>\n<p><strong style=\"font-family: inherit; font-size: 1em; text-align: justify;\">Per\u00edode de matriculaci\u00f3<\/strong><\/p>\n<p style=\"text-align: justify;\">Els alumnes de 2n cicle d\u2019educaci\u00f3 infantil, prim\u00e0ria i ESO podran formalitzar la matr\u00edcula del 13 al 17 de juliol.<\/p>\n<p style=\"text-align: justify;\">Podeu consultar el calendari de preinscripci\u00f3 i matr\u00edcula per la resta d\u2019ensenyaments\u00a0 a\u00a0<a href=\"http:\/\/queestudiar.gencat.cat\/ca\/preinscripcio\/\">preinscripcio.gencat.cat<\/a><\/p>\n","protected":false},"excerpt":{"rendered":"<p>Us informem que s&#8217;han publicat les dates per a fer la preinscipci\u00f3 de l&#8217;alumnat per al curs 2020-2021.<br \/>\nEntre 13 i el 22 de maig <\/p>\n","protected":false},"author":1,"featured_media":1110,"comment_status":"open","ping_status":"closed","sticky":false,"template":"","format":"standard","meta":{"_bbp_topic_count":0,"_bbp_reply_count":0,"_bbp_total_topic_count":0,"_bbp_total_reply_count":0,"_bbp_voice_count":0,"_bbp_anonymous_reply_count":0,"_bbp_topic_count_hidden":0,"_bbp_reply_count_hidden":0,"_bbp_forum_subforum_count":0,"site-sidebar-layout":"default","site-content-layout":"","ast-site-content-layout":"","site-content-style":"default","site-sidebar-style":"default","ast-global-header-display":"","ast-banner-title-visibility":"","ast-main-header-display":"","ast-hfb-above-header-display":"","ast-hfb-below-header-display":"","ast-hfb-mobile-header-display":"","site-post-title":"","ast-breadcrumbs-content":"","ast-featured-img":"","footer-sml-layout":"","theme-transparent-header-meta":"","adv-header-id-meta":"","stick-header-meta":"","header-above-stick-meta":"","header-main-stick-meta":"","header-below-stick-meta":"","astra-migrate-meta-layouts":"default","ast-page-background-enabled":"default","ast-page-background-meta":{"desktop":{"background-color":"var(--ast-global-color-4)","background-image":"","background-repeat":"repeat","background-position":"center center","background-size":"auto","background-attachment":"scroll","background-type":"","background-media":"","overlay-type":"","overlay-color":"","overlay-opacity":"","overlay-gradient":""},"tablet":{"background-color":"","background-image":"","background-repeat":"repeat","background-position":"center center","background-size":"auto","background-attachment":"scroll","background-type":"","background-media":"","overlay-type":"","overlay-color":"","overlay-opacity":"","overlay-gradient":""},"mobile":{"background-color":"","background-image":"","background-repeat":"repeat","background-position":"center center","background-size":"auto","background-attachment":"scroll","background-type":"","background-media":"","overlay-type":"","overlay-color":"","overlay-opacity":"","overlay-gradient":""}},"ast-content-background-meta":{"desktop":{"background-color":"var(--ast-global-color-5)","background-image":"","background-repeat":"repeat","background-position":"center center","background-size":"auto","background-attachment":"scroll","background-type":"","background-media":"","overlay-type":"","overlay-color":"","overlay-opacity":"","overlay-gradient":""},"tablet":{"background-color":"var(--ast-global-color-5)","background-image":"","background-repeat":"repeat","background-position":"center center","background-size":"auto","background-attachment":"scroll","background-type":"","background-media":"","overlay-type":"","overlay-color":"","overlay-opacity":"","overlay-gradient":""},"mobile":{"background-color":"var(--ast-global-color-5)","background-image":"","background-repeat":"repeat","background-position":"center center","background-size":"auto","background-attachment":"scroll","background-type":"","background-media":"","overlay-type":"","overlay-color":"","overlay-opacity":"","overlay-gradient":""}},"footnotes":""},"categories":[1,4],"tags":[84,92,91],"class_list":["post-1102","post","type-post","status-publish","format-standard","has-post-thumbnail","hentry","category-general","category-portada","tag-covid19","tag-portesobertes","tag-preinscripcio"],"post_mailing_queue_ids":[],"_links":{"self":[{"href":"https:\/\/agora.xtec.cat\/ceipmontoliu\/wp-json\/wp\/v2\/posts\/1102","targetHints":{"allow":["GET"]}}],"collection":[{"href":"https:\/\/agora.xtec.cat\/ceipmontoliu\/wp-json\/wp\/v2\/posts"}],"about":[{"href":"https:\/\/agora.xtec.cat\/ceipmontoliu\/wp-json\/wp\/v2\/types\/post"}],"author":[{"embeddable":true,"href":"https:\/\/agora.xtec.cat\/ceipmontoliu\/wp-json\/wp\/v2\/users\/1"}],"replies":[{"embeddable":true,"href":"https:\/\/agora.xtec.cat\/ceipmontoliu\/wp-json\/wp\/v2\/comments?post=1102"}],"version-history":[{"count":4,"href":"https:\/\/agora.xtec.cat\/ceipmontoliu\/wp-json\/wp\/v2\/posts\/1102\/revisions"}],"predecessor-version":[{"id":1119,"href":"https:\/\/agora.xtec.cat\/ceipmontoliu\/wp-json\/wp\/v2\/posts\/1102\/revisions\/1119"}],"wp:featuredmedia":[{"embeddable":true,"href":"https:\/\/agora.xtec.cat\/ceipmontoliu\/wp-json\/wp\/v2\/media\/1110"}],"wp:attachment":[{"href":"https:\/\/agora.xtec.cat\/ceipmontoliu\/wp-json\/wp\/v2\/media?parent=1102"}],"wp:term":[{"taxonomy":"category","embeddable":true,"href":"https:\/\/agora.xtec.cat\/ceipmontoliu\/wp-json\/wp\/v2\/categories?post=1102"},{"taxonomy":"post_tag","embeddable":true,"href":"https:\/\/agora.xtec.cat\/ceipmontoliu\/wp-json\/wp\/v2\/tags?post=1102"}],"curies":[{"name":"wp","href":"https:\/\/api.w.org\/{rel}","templated":true}]}}