{"id":1038,"date":"2020-04-23T08:17:14","date_gmt":"2020-04-23T06:17:14","guid":{"rendered":"http:\/\/agora.xtec.cat\/ceipmontoliu\/?p=1038"},"modified":"2020-04-23T09:52:43","modified_gmt":"2020-04-23T07:52:43","slug":"contes-rondalles-i-poemes-per-sant-jordi-2","status":"publish","type":"post","link":"https:\/\/agora.xtec.cat\/ceipmontoliu\/general\/contes-rondalles-i-poemes-per-sant-jordi-2\/","title":{"rendered":"Contes, rondalles i poemes per Sant Jordi"},"content":{"rendered":"<p>Benvolgut alumnat.<\/p>\n<p>Aquest any, la diada de Sant Jordi l&#8217;hem de celebrar en un context at\u00edpic. Per\u00f2 res no impedir\u00e0 que la puguem celebrar junts. Per aquest motiu, el professorat de l&#8217;escola Montoliu us explicarem contes i rondalles.<\/p>\n<p>&nbsp;<\/p>\n<p><strong>Posid\u00f3\u00a0<\/strong> (Adri\u00e1n Gomar)<\/p>\n<p><iframe loading=\"lazy\" src=\"https:\/\/www.youtube.com\/embed\/6LIXAJGsbSw\" width=\"560\" height=\"315\" frameborder=\"0\"><\/iframe><\/p>\n<p>&nbsp;<\/p>\n<p><strong>Una amiga especial, molt especial<\/strong> (Ver\u00f3nica Hurtado)<\/p>\n<p><iframe loading=\"lazy\" src=\"https:\/\/www.youtube.com\/embed\/LNrTn0ZM3e0\" width=\"560\" height=\"315\" frameborder=\"0\"><\/iframe><\/p>\n<p>&nbsp;<\/p>\n<p><strong>L&#8217;ovelleta que va venir a sopar<\/strong> (Neus Masip, amb ajuda)<\/p>\n<p><iframe loading=\"lazy\" src=\"https:\/\/www.youtube.com\/embed\/SvCfPMI_ClA\" width=\"560\" height=\"315\" frameborder=\"0\"><span data-mce-type=\"bookmark\" style=\"display: inline-block; width: 0px; overflow: hidden; line-height: 0;\" class=\"mce_SELRES_start\">\ufeff<\/span><\/iframe><\/p>\n<p>&nbsp;<\/p>\n<p><strong style=\"font-family: inherit; font-size: 1em;\">L&#8217;Elisenda i el mar<\/strong><span style=\"font-family: inherit; font-size: 1em;\"> (Paqui Vidal)<\/span><\/p>\n<p><iframe loading=\"lazy\" src=\"https:\/\/www.youtube.com\/embed\/QT-fcA8Icdg\" width=\"560\" height=\"315\" frameborder=\"0\"><span data-mce-type=\"bookmark\" style=\"display: inline-block; width: 0px; overflow: hidden; line-height: 0;\" class=\"mce_SELRES_start\">\ufeff<\/span><\/iframe><\/p>\n<p>&nbsp;<\/p>\n<p><strong>Adivina cuanto te quiero<\/strong> (Rocio Franco)<\/p>\n<p><iframe loading=\"lazy\" src=\"https:\/\/www.youtube.com\/embed\/3ZP-k7-Ugdk\" width=\"560\" height=\"315\" frameborder=\"0\"><\/iframe><\/p>\n<p>&nbsp;<\/p>\n<p><strong>Pansim-pansoi\u00a0<\/strong>(Ra\u00fcl Flores)<\/p>\n<p><iframe loading=\"lazy\" src=\"https:\/\/www.youtube.com\/embed\/hewwzMGBul4\" width=\"560\" height=\"315\" frameborder=\"0\"><\/iframe><\/p>\n<p>&nbsp;<\/p>\n<p><strong>The Curious Garden<\/strong> (Montse Vivas)<\/p>\n<p><iframe loading=\"lazy\" src=\"https:\/\/www.youtube.com\/embed\/Nu70DOQRPhU\" width=\"560\" height=\"315\" frameborder=\"0\"><\/iframe><\/p>\n<p>&nbsp;<\/p>\n<p><strong>Sota el meu arbre<\/strong> (Amparo Mu\u00f1oz)<\/p>\n<p><iframe loading=\"lazy\" src=\"https:\/\/www.youtube.com\/embed\/mL_sM9MGqLU\" width=\"560\" height=\"315\" frameborder=\"0\"><span data-mce-type=\"bookmark\" style=\"display: inline-block; width: 0px; overflow: hidden; line-height: 0;\" class=\"mce_SELRES_start\">\ufeff<\/span><\/iframe><\/p>\n<p>&nbsp;<\/p>\n<p><strong>Paraules de sirena<\/strong> (Cristina Angl\u00e8s)<\/p>\n<p><iframe loading=\"lazy\" src=\"https:\/\/www.youtube.com\/embed\/IE4x4cA_YP4\" width=\"560\" height=\"315\" frameborder=\"0\"><span data-mce-type=\"bookmark\" style=\"display: inline-block; width: 0px; overflow: hidden; line-height: 0;\" class=\"mce_SELRES_start\">\ufeff<\/span><\/iframe><\/p>\n<p>&nbsp;<\/p>\n<p><strong>El castell de gelat<\/strong> (Joana Batalla)<\/p>\n<p><iframe loading=\"lazy\" src=\"https:\/\/www.youtube.com\/embed\/jik2JWsQu9U\" width=\"560\" height=\"315\" frameborder=\"0\"><\/iframe><\/p>\n<p>&nbsp;<\/p>\n<p><strong>As\u00ed es mi coraz\u00f3n<\/strong> (Lourdes Ruiz)<\/p>\n<p><iframe loading=\"lazy\" src=\"https:\/\/www.youtube.com\/embed\/D_XqbxU-rGY\" width=\"560\" height=\"315\" frameborder=\"0\"><span data-mce-type=\"bookmark\" style=\"display: inline-block; width: 0px; overflow: hidden; line-height: 0;\" class=\"mce_SELRES_start\">\ufeff<\/span><\/iframe><\/p>\n<p>&nbsp;<\/p>\n<p><strong>Las princesas tambi\u00e9n se tiran pedos\u00a0<\/strong>(Ana Pastor)<\/p>\n<p><iframe loading=\"lazy\" src=\"https:\/\/www.youtube.com\/embed\/GT1dxTd3iyc\" width=\"560\" height=\"315\" frameborder=\"0\"><span data-mce-type=\"bookmark\" style=\"display: inline-block; width: 0px; overflow: hidden; line-height: 0;\" class=\"mce_SELRES_start\">\ufeff<\/span><\/iframe><\/p>\n<p><strong>L&#8217;\u00e0liga que no volia volar<\/strong> (Dolores Berenguel)<\/p>\n<p><iframe loading=\"lazy\" src=\"https:\/\/www.youtube.com\/embed\/0VAr7j66nFQ\" width=\"560\" height=\"315\" frameborder=\"0\"><\/iframe><\/p>\n<p><strong>En aquest conte no hi ha cap drac<\/strong> (No\u00e8lia G\u00f3mez)<\/p>\n<p><iframe loading=\"lazy\" src=\"https:\/\/www.youtube.com\/embed\/GlXgFHnuXfI\" width=\"560\" height=\"315\" frameborder=\"0\"><\/iframe><\/p>\n<p>&nbsp;<\/p>\n<p><strong>La princesa i el Drac<\/strong> (Emma Pay)<\/p>\n<p><iframe loading=\"lazy\" src=\"https:\/\/www.youtube.com\/embed\/8Lbxrx3NOcw\" width=\"560\" height=\"315\" frameborder=\"0\"><\/iframe><\/p>\n<p>&nbsp;<\/p>\n<p><strong>El llop ha tornat!<\/strong> (Magda Duch)<\/p>\n<p><iframe loading=\"lazy\" src=\"https:\/\/www.youtube.com\/embed\/HUARnhiGhQ8\" width=\"560\" height=\"315\" frameborder=\"0\"><span data-mce-type=\"bookmark\" style=\"display: inline-block; width: 0px; overflow: hidden; line-height: 0;\" class=\"mce_SELRES_start\">\ufeff<\/span><\/iframe><\/p>\n<p>I a m\u00e9s, poemes i endevinalles:<\/p>\n<p><strong>Poema<\/strong>\u00a0&#8211; <strong>Els llibres<\/strong> de\u00a0 Joana Raspall (Ariadna Pocurull)<\/p>\n<p><iframe loading=\"lazy\" src=\"https:\/\/www.youtube.com\/embed\/g1V4d28nZk4\" width=\"560\" height=\"315\" frameborder=\"0\"><\/iframe><\/p>\n<p><strong>Endevines el conte?<\/strong>\u00a0 (Montse Roda)<\/p>\n<p><iframe loading=\"lazy\" src=\"https:\/\/www.youtube.com\/embed\/vRnNrRQVAT8\" width=\"560\" height=\"315\" frameborder=\"0\"><\/iframe><\/p>\n","protected":false},"excerpt":{"rendered":"<p>Benvolgut alumnat.Aquest any, la diada de Sant Jordi l&#8217;hem de celebrar en un context at\u00edpic. Per\u00f2 res no impedir\u00e0 que la puguem celebrar junts. Per aquest motiu, el professorat de l&#8217;escola Montoliu us explicarem contes i rondalles.<\/p>\n","protected":false},"author":1,"featured_media":0,"comment_status":"open","ping_status":"closed","sticky":false,"template":"","format":"standard","meta":{"_bbp_topic_count":0,"_bbp_reply_count":0,"_bbp_total_topic_count":0,"_bbp_total_reply_count":0,"_bbp_voice_count":0,"_bbp_anonymous_reply_count":0,"_bbp_topic_count_hidden":0,"_bbp_reply_count_hidden":0,"_bbp_forum_subforum_count":0,"site-sidebar-layout":"default","site-content-layout":"","ast-site-content-layout":"","site-content-style":"default","site-sidebar-style":"default","ast-global-header-display":"","ast-banner-title-visibility":"","ast-main-header-display":"","ast-hfb-above-header-display":"","ast-hfb-below-header-display":"","ast-hfb-mobile-header-display":"","site-post-title":"","ast-breadcrumbs-content":"","ast-featured-img":"","footer-sml-layout":"","theme-transparent-header-meta":"","adv-header-id-meta":"","stick-header-meta":"","header-above-stick-meta":"","header-main-stick-meta":"","header-below-stick-meta":"","astra-migrate-meta-layouts":"default","ast-page-background-enabled":"default","ast-page-background-meta":{"desktop":{"background-color":"var(--ast-global-color-4)","background-image":"","background-repeat":"repeat","background-position":"center center","background-size":"auto","background-attachment":"scroll","background-type":"","background-media":"","overlay-type":"","overlay-color":"","overlay-opacity":"","overlay-gradient":""},"tablet":{"background-color":"","background-image":"","background-repeat":"repeat","background-position":"center center","background-size":"auto","background-attachment":"scroll","background-type":"","background-media":"","overlay-type":"","overlay-color":"","overlay-opacity":"","overlay-gradient":""},"mobile":{"background-color":"","background-image":"","background-repeat":"repeat","background-position":"center center","background-size":"auto","background-attachment":"scroll","background-type":"","background-media":"","overlay-type":"","overlay-color":"","overlay-opacity":"","overlay-gradient":""}},"ast-content-background-meta":{"desktop":{"background-color":"var(--ast-global-color-5)","background-image":"","background-repeat":"repeat","background-position":"center center","background-size":"auto","background-attachment":"scroll","background-type":"","background-media":"","overlay-type":"","overlay-color":"","overlay-opacity":"","overlay-gradient":""},"tablet":{"background-color":"var(--ast-global-color-5)","background-image":"","background-repeat":"repeat","background-position":"center center","background-size":"auto","background-attachment":"scroll","background-type":"","background-media":"","overlay-type":"","overlay-color":"","overlay-opacity":"","overlay-gradient":""},"mobile":{"background-color":"var(--ast-global-color-5)","background-image":"","background-repeat":"repeat","background-position":"center center","background-size":"auto","background-attachment":"scroll","background-type":"","background-media":"","overlay-type":"","overlay-color":"","overlay-opacity":"","overlay-gradient":""}},"footnotes":""},"categories":[1,4],"tags":[19,89,78,86,87,88],"class_list":["post-1038","post","type-post","status-publish","format-standard","hentry","category-general","category-portada","tag-audiovisuals","tag-contes","tag-educacioinfantil","tag-educacioprimaria","tag-mestres","tag-santjordi2020"],"post_mailing_queue_ids":[],"_links":{"self":[{"href":"https:\/\/agora.xtec.cat\/ceipmontoliu\/wp-json\/wp\/v2\/posts\/1038","targetHints":{"allow":["GET"]}}],"collection":[{"href":"https:\/\/agora.xtec.cat\/ceipmontoliu\/wp-json\/wp\/v2\/posts"}],"about":[{"href":"https:\/\/agora.xtec.cat\/ceipmontoliu\/wp-json\/wp\/v2\/types\/post"}],"author":[{"embeddable":true,"href":"https:\/\/agora.xtec.cat\/ceipmontoliu\/wp-json\/wp\/v2\/users\/1"}],"replies":[{"embeddable":true,"href":"https:\/\/agora.xtec.cat\/ceipmontoliu\/wp-json\/wp\/v2\/comments?post=1038"}],"version-history":[{"count":2,"href":"https:\/\/agora.xtec.cat\/ceipmontoliu\/wp-json\/wp\/v2\/posts\/1038\/revisions"}],"predecessor-version":[{"id":1069,"href":"https:\/\/agora.xtec.cat\/ceipmontoliu\/wp-json\/wp\/v2\/posts\/1038\/revisions\/1069"}],"wp:attachment":[{"href":"https:\/\/agora.xtec.cat\/ceipmontoliu\/wp-json\/wp\/v2\/media?parent=1038"}],"wp:term":[{"taxonomy":"category","embeddable":true,"href":"https:\/\/agora.xtec.cat\/ceipmontoliu\/wp-json\/wp\/v2\/categories?post=1038"},{"taxonomy":"post_tag","embeddable":true,"href":"https:\/\/agora.xtec.cat\/ceipmontoliu\/wp-json\/wp\/v2\/tags?post=1038"}],"curies":[{"name":"wp","href":"https:\/\/api.w.org\/{rel}","templated":true}]}}