{"id":4874,"date":"2021-02-16T18:36:31","date_gmt":"2021-02-16T17:36:31","guid":{"rendered":"http:\/\/agora.xtec.cat\/ceipmontessori\/?p=4874"},"modified":"2021-02-17T10:53:17","modified_gmt":"2021-02-17T09:53:17","slug":"llers-a-la-comunitat-de-petites-fem-musica","status":"publish","type":"post","link":"https:\/\/agora.xtec.cat\/ceipmontessori\/infantil\/llers-a-la-comunitat-de-petites-fem-musica\/","title":{"rendered":"Tallers a la Comunitat de petites: FEM M\u00daSICA!!"},"content":{"rendered":"<p style=\"text-align: justify;\"><span style=\"font-weight: 400;\">En aquest taller s\u2019 ofereix als infants <\/span><b>gaudir de la m\u00fasica<\/b><span style=\"font-weight: 400;\"> de forma sensorial i vivencial.<\/span><\/p>\n<p style=\"text-align: justify;\"><span style=\"font-weight: 400;\">Amb la m\u00fasica canalitzem les nostres emocions i sentiments i desde ben petits \u00e9s important fomentar-ho. Relacionem el tacte, la vista\u00a0 i diferents elements per poder crear experi\u00e8ncies que despertin vincles emocionals.\u00a0<\/span><\/p>\n<p style=\"text-align: justify;\"><span style=\"font-weight: 400;\">Treballem ritmes, can\u00e7ons tradicionals, audicions,\u00a0 que engloben diferents proced\u00e8ncies. <\/span><b>Experimentem\u00a0 i indaguem <\/b><span style=\"font-weight: 400;\">\u00a0sobre\u00a0 les possibilitats expressives del so i del moviment per\u00a0 <\/span><span style=\"font-weight: 400;\">enriquir l\u2019educaci\u00f3 auditiva,ritmica, vocal i instrumental.<\/span><\/p>\n<p style=\"text-align: justify;\"><span style=\"font-weight: 400;\">Durant les tres sessions es combina l&#8217;\u00fas d\u2019instruments de percussi\u00f3, el nostre cos i altres materials d\u2019\u00fas com\u00fa per fer m\u00fasica. S\u2019ofereix als infants un ventall de possibilitats per expressar-se lliurement.<\/span><\/p>\n<p style=\"text-align: center;\"><a href=\"https:\/\/agora.xtec.cat\/ceipmontessori\/wp-content\/uploads\/usu1159\/2021\/02\/Captura-de-Pantalla-2021-02-17-a-les-10.52.12.png\"><img loading=\"lazy\" decoding=\"async\" class=\"alignnone  wp-image-4905\" src=\"https:\/\/agora.xtec.cat\/ceipmontessori\/wp-content\/uploads\/usu1159\/2021\/02\/Captura-de-Pantalla-2021-02-17-a-les-10.52.12-1024x386.png\" alt=\"\" width=\"728\" height=\"275\" srcset=\"https:\/\/agora.xtec.cat\/ceipmontessori\/wp-content\/uploads\/usu1159\/2021\/02\/Captura-de-Pantalla-2021-02-17-a-les-10.52.12-1024x386.png 1024w, https:\/\/agora.xtec.cat\/ceipmontessori\/wp-content\/uploads\/usu1159\/2021\/02\/Captura-de-Pantalla-2021-02-17-a-les-10.52.12-300x113.png 300w, https:\/\/agora.xtec.cat\/ceipmontessori\/wp-content\/uploads\/usu1159\/2021\/02\/Captura-de-Pantalla-2021-02-17-a-les-10.52.12-768x290.png 768w, https:\/\/agora.xtec.cat\/ceipmontessori\/wp-content\/uploads\/usu1159\/2021\/02\/Captura-de-Pantalla-2021-02-17-a-les-10.52.12.png 1384w\" sizes=\"auto, (max-width: 728px) 100vw, 728px\" \/><\/a><\/p>\n","protected":false},"excerpt":{"rendered":"<p>En aquest taller s\u2019 ofereix als infants gaudir de la m\u00fasica de forma sensorial i vivencial. Amb la m\u00fasica canalitzem les nostres emocions i sentiments i desde ben petits \u00e9s important fomentar-ho. Relacionem el tacte, la vista\u00a0 i diferents elements per poder crear experi\u00e8ncies que despertin vincles emocionals.\u00a0 Treballem ritmes, can\u00e7ons tradicionals, audicions,\u00a0 que engloben [&hellip;]<\/p>\n","protected":false},"author":1,"featured_media":0,"comment_status":"open","ping_status":"closed","sticky":false,"template":"","format":"standard","meta":{"_bbp_topic_count":0,"_bbp_reply_count":0,"_bbp_total_topic_count":0,"_bbp_total_reply_count":0,"_bbp_voice_count":0,"_bbp_anonymous_reply_count":0,"_bbp_topic_count_hidden":0,"_bbp_reply_count_hidden":0,"_bbp_forum_subforum_count":0,"site-sidebar-layout":"default","site-content-layout":"","ast-site-content-layout":"","site-content-style":"default","site-sidebar-style":"default","ast-global-header-display":"","ast-banner-title-visibility":"","ast-main-header-display":"","ast-hfb-above-header-display":"","ast-hfb-below-header-display":"","ast-hfb-mobile-header-display":"","site-post-title":"","ast-breadcrumbs-content":"","ast-featured-img":"","footer-sml-layout":"","theme-transparent-header-meta":"","adv-header-id-meta":"","stick-header-meta":"","header-above-stick-meta":"","header-main-stick-meta":"","header-below-stick-meta":"","astra-migrate-meta-layouts":"default","ast-page-background-enabled":"default","ast-page-background-meta":{"desktop":{"background-color":"var(--ast-global-color-4)","background-image":"","background-repeat":"repeat","background-position":"center center","background-size":"auto","background-attachment":"scroll","background-type":"","background-media":"","overlay-type":"","overlay-color":"","overlay-opacity":"","overlay-gradient":""},"tablet":{"background-color":"","background-image":"","background-repeat":"repeat","background-position":"center center","background-size":"auto","background-attachment":"scroll","background-type":"","background-media":"","overlay-type":"","overlay-color":"","overlay-opacity":"","overlay-gradient":""},"mobile":{"background-color":"","background-image":"","background-repeat":"repeat","background-position":"center center","background-size":"auto","background-attachment":"scroll","background-type":"","background-media":"","overlay-type":"","overlay-color":"","overlay-opacity":"","overlay-gradient":""}},"ast-content-background-meta":{"desktop":{"background-color":"var(--ast-global-color-5)","background-image":"","background-repeat":"repeat","background-position":"center center","background-size":"auto","background-attachment":"scroll","background-type":"","background-media":"","overlay-type":"","overlay-color":"","overlay-opacity":"","overlay-gradient":""},"tablet":{"background-color":"var(--ast-global-color-5)","background-image":"","background-repeat":"repeat","background-position":"center center","background-size":"auto","background-attachment":"scroll","background-type":"","background-media":"","overlay-type":"","overlay-color":"","overlay-opacity":"","overlay-gradient":""},"mobile":{"background-color":"var(--ast-global-color-5)","background-image":"","background-repeat":"repeat","background-position":"center center","background-size":"auto","background-attachment":"scroll","background-type":"","background-media":"","overlay-type":"","overlay-color":"","overlay-opacity":"","overlay-gradient":""}},"footnotes":""},"categories":[137,15,234,2],"tags":[251,83],"class_list":["post-4874","post","type-post","status-publish","format-standard","hentry","category-1r","category-2n","category-i5","category-infantil","tag-comunitat-de-petites","tag-tallers"],"post_mailing_queue_ids":[],"_links":{"self":[{"href":"https:\/\/agora.xtec.cat\/ceipmontessori\/wp-json\/wp\/v2\/posts\/4874","targetHints":{"allow":["GET"]}}],"collection":[{"href":"https:\/\/agora.xtec.cat\/ceipmontessori\/wp-json\/wp\/v2\/posts"}],"about":[{"href":"https:\/\/agora.xtec.cat\/ceipmontessori\/wp-json\/wp\/v2\/types\/post"}],"author":[{"embeddable":true,"href":"https:\/\/agora.xtec.cat\/ceipmontessori\/wp-json\/wp\/v2\/users\/1"}],"replies":[{"embeddable":true,"href":"https:\/\/agora.xtec.cat\/ceipmontessori\/wp-json\/wp\/v2\/comments?post=4874"}],"version-history":[{"count":3,"href":"https:\/\/agora.xtec.cat\/ceipmontessori\/wp-json\/wp\/v2\/posts\/4874\/revisions"}],"predecessor-version":[{"id":4906,"href":"https:\/\/agora.xtec.cat\/ceipmontessori\/wp-json\/wp\/v2\/posts\/4874\/revisions\/4906"}],"wp:attachment":[{"href":"https:\/\/agora.xtec.cat\/ceipmontessori\/wp-json\/wp\/v2\/media?parent=4874"}],"wp:term":[{"taxonomy":"category","embeddable":true,"href":"https:\/\/agora.xtec.cat\/ceipmontessori\/wp-json\/wp\/v2\/categories?post=4874"},{"taxonomy":"post_tag","embeddable":true,"href":"https:\/\/agora.xtec.cat\/ceipmontessori\/wp-json\/wp\/v2\/tags?post=4874"}],"curies":[{"name":"wp","href":"https:\/\/api.w.org\/{rel}","templated":true}]}}