{"id":3507,"date":"2020-01-14T23:29:10","date_gmt":"2020-01-14T22:29:10","guid":{"rendered":"http:\/\/agora.xtec.cat\/ceipmontessori\/?p=3507"},"modified":"2020-03-17T17:49:54","modified_gmt":"2020-03-17T16:49:54","slug":"nuria-picas","status":"publish","type":"post","link":"https:\/\/agora.xtec.cat\/ceipmontessori\/general\/nuria-picas\/","title":{"rendered":"N\u00daRIA PICAS"},"content":{"rendered":"<p><b>\u00c9s una\u00a0corredora de munyanya nascuda a <\/b><b>Manresa<\/b><b> el \u00a0<\/b><b>2 de novembre<\/b><b>\u00a0de\u00a0<\/b><b>1976<\/b><b>. Ha guanyat desenes de les curses de muntanya m\u00e9s destacades. Viu a\u00a0<\/b><b>Berga<\/b><b>\u00a0i entrena per les muntanyes dels voltants del\u00a0<\/b><b>Bergued\u00e0<\/b><b>.<\/b><\/p>\n<p style=\"text-align: center;\"><a href=\"https:\/\/agora.xtec.cat\/ceipmontessori\/wp-content\/uploads\/usu1159\/2020\/01\/Nuria-Picas-web.jpg\"><img loading=\"lazy\" decoding=\"async\" class=\"aligncenter size-medium wp-image-3508\" src=\"https:\/\/agora.xtec.cat\/ceipmontessori\/wp-content\/uploads\/usu1159\/2020\/01\/Nuria-Picas-web-300x248.jpg\" alt=\"\" width=\"300\" height=\"248\" srcset=\"https:\/\/agora.xtec.cat\/ceipmontessori\/wp-content\/uploads\/usu1159\/2020\/01\/Nuria-Picas-web-300x248.jpg 300w, https:\/\/agora.xtec.cat\/ceipmontessori\/wp-content\/uploads\/usu1159\/2020\/01\/Nuria-Picas-web.jpg 556w\" sizes=\"auto, (max-width: 300px) 100vw, 300px\" \/><\/a><\/p>\n<p>&nbsp;<\/p>\n<p><strong>1r Trimestre<\/strong><\/p>\n<p><strong>CROSSFIT KIDS<\/strong><\/p>\n<p style=\"text-align: justify;\">A l&#8217;espai N\u00faria Picas de Cicle Inicial i Cicle Mitj\u00e0 hem fet un taller de CrossFit Kids. Taller\u00a0enfocat al <strong>treball de l&#8217;esquema corporal<\/strong>, sent aquest el coneixement que tenim del nostre cos\u00a0tant en est\u00e0tic o en moviment, en relaci\u00f3 amb les seves parts i amb l&#8217;espai que ens envolta,\u00a0aspecte fonamental de cara a la <strong>resoluci\u00f3 de situacions motrius d&#8217;una forma efica\u00e7<\/strong>. Per\u00a0aconseguir aquest objectiu fem puzzles amb les parts del cos, dibuixen el seu propi cos, fem\u00a0curses de relleus i molt m\u00e9s.<\/p>\n<p dir=\"ltr\" style=\"text-align: justify;\">Un altre dels objectius principals d&#8217;aquest taller \u00e9s que prenguin <strong>consci\u00e8ncia de les\u00a0possibilitats del seu propi cos i que valorin i respectin tant les seves capacitats com les\u00a0dels altres.\u00a0<\/strong><\/p>\n<p dir=\"ltr\" style=\"text-align: center;\"><a href=\"https:\/\/agora.xtec.cat\/ceipmontessori\/wp-content\/uploads\/usu1159\/2020\/01\/b6169f49-66c7-49e3-b2e8-9860bcf0cbe6.jpg\"><img loading=\"lazy\" decoding=\"async\" class=\"aligncenter size-medium wp-image-3660\" src=\"https:\/\/agora.xtec.cat\/ceipmontessori\/wp-content\/uploads\/usu1159\/2020\/01\/b6169f49-66c7-49e3-b2e8-9860bcf0cbe6-300x225.jpg\" alt=\"\" width=\"300\" height=\"225\" srcset=\"https:\/\/agora.xtec.cat\/ceipmontessori\/wp-content\/uploads\/usu1159\/2020\/01\/b6169f49-66c7-49e3-b2e8-9860bcf0cbe6-300x225.jpg 300w, https:\/\/agora.xtec.cat\/ceipmontessori\/wp-content\/uploads\/usu1159\/2020\/01\/b6169f49-66c7-49e3-b2e8-9860bcf0cbe6-768x576.jpg 768w, https:\/\/agora.xtec.cat\/ceipmontessori\/wp-content\/uploads\/usu1159\/2020\/01\/b6169f49-66c7-49e3-b2e8-9860bcf0cbe6-200x150.jpg 200w, https:\/\/agora.xtec.cat\/ceipmontessori\/wp-content\/uploads\/usu1159\/2020\/01\/b6169f49-66c7-49e3-b2e8-9860bcf0cbe6.jpg 800w\" sizes=\"auto, (max-width: 300px) 100vw, 300px\" \/><\/a><\/p>\n<p>&nbsp;<\/p>\n<p>&nbsp;<\/p>\n<p><strong>EL CIRC AL MONTESSORI<\/strong><\/p>\n<p style=\"text-align: justify;\"><span style=\"font-weight: 400;\">Els alumnes de Cicle Superior aprenen les <\/span><b>habilitats <\/b><span style=\"font-weight: 400;\">i <\/span><b>destreses <\/b><span style=\"font-weight: 400;\">espec\u00edfiques relacionades amb les t\u00e8cniques de Circ: <\/span><b>malabars<\/b><span style=\"font-weight: 400;\">, <\/span><b>Acrosport <\/b><span style=\"font-weight: 400;\">i <\/span><b>equilibrisme<\/b><span style=\"font-weight: 400;\">. En cadascuna de les propostes treballem aquelles capacitats que s\u00f3n m\u00e9s importants en el m\u00f3n del Circ: la <\/span><b>coordinaci\u00f3<\/b><span style=\"font-weight: 400;\">, la <\/span><b>for\u00e7a <\/b><span style=\"font-weight: 400;\">i l\u2019<\/span><b>equilibri<\/b><span style=\"font-weight: 400;\">. A m\u00e9s, aprenen com interv\u00e9 l\u2019<\/span><b>aparell locomotor <\/b><span style=\"font-weight: 400;\">en cadascuna de les t\u00e8cniques que es proposen. Introduint un marc teoricopr\u00e0ctic els alumnes s\u00f3n capa\u00e7os d\u2019entendre quina funcionalitat tenen els <\/span><b>m\u00fasculs <\/b><span style=\"font-weight: 400;\">i els <\/span><b>sentits <\/b><span style=\"font-weight: 400;\">en <\/span><b>tasques coordinatives<\/b><span style=\"font-weight: 400;\">.\u00a0<\/span><\/p>\n<p style=\"text-align: center;\"><a href=\"https:\/\/agora.xtec.cat\/ceipmontessori\/wp-content\/uploads\/usu1159\/2020\/02\/Captura-de-Pantalla-2020-02-16-a-les-16.37.05.png\"><img loading=\"lazy\" decoding=\"async\" class=\"aligncenter wp-image-3795\" src=\"https:\/\/agora.xtec.cat\/ceipmontessori\/wp-content\/uploads\/usu1159\/2020\/02\/Captura-de-Pantalla-2020-02-16-a-les-16.37.05-300x164.png\" alt=\"\" width=\"441\" height=\"241\" srcset=\"https:\/\/agora.xtec.cat\/ceipmontessori\/wp-content\/uploads\/usu1159\/2020\/02\/Captura-de-Pantalla-2020-02-16-a-les-16.37.05-300x164.png 300w, https:\/\/agora.xtec.cat\/ceipmontessori\/wp-content\/uploads\/usu1159\/2020\/02\/Captura-de-Pantalla-2020-02-16-a-les-16.37.05.png 542w\" sizes=\"auto, (max-width: 441px) 100vw, 441px\" \/><\/a><\/p>\n<p>&nbsp;<\/p>\n<p><strong>2n Trimestre<\/strong><\/p>\n<p style=\"text-align: justify;\"><span style=\"font-weight: 400;\">A l&#8217;espai <\/span><b>N\u00faria Picas<\/b><span style=\"font-weight: 400;\"> treballem diversos jocs i activitats. En aquest sentit coneixem diferents<\/span><b> jocs aut\u00f2ctons i tradicionals<\/b><span style=\"font-weight: 400;\">, a m\u00e9s de <\/span><b>jocs cooperatius i jocs ol\u00edmpics<\/b><span style=\"font-weight: 400;\">.\u00a0<\/span><\/p>\n<p style=\"text-align: justify;\"><span style=\"font-weight: 400;\">L&#8217;objectiu \u00e9s treballar els jocs que es realitzen a les Rubimp\u00edades, les quals s\u00f3n un punt de trobada per tot l&#8217;alumnat de tercer de Prim\u00e0ria de les escoles de Rub\u00ed. La finalitat \u00e9s que els nens i nenes participants es relacionin entre ells en una jornada de <\/span><b>conviv\u00e8ncia<\/b><span style=\"font-weight: 400;\">. Els principals objectius d&#8217;aquest taller de Cicle Mitj\u00e0 s\u00f3n:<\/span><\/p>\n<ul>\n<li><span style=\"font-weight: 400;\">Resoldre situacions motrius de forma efica\u00e7 en la pr\u00e0ctica d\u2019activitats f\u00edsiques.<\/span><\/li>\n<li><span style=\"font-weight: 400;\">Participar del joc col\u00b7lectiu de manera activa mostrant-se respectu\u00f3s amb les normes i els companys.<\/span><\/li>\n<li><span style=\"font-weight: 400;\">Practicar activitat f\u00edsica vinculada a l&#8217;entorn com una forma d&#8217;ocupaci\u00f3 del temps de lleure.<\/span><\/li>\n<\/ul>\n<p><a href=\"https:\/\/agora.xtec.cat\/ceipmontessori\/wp-content\/uploads\/usu1159\/2020\/03\/CM_Rubimp\u00edades.jpeg\"><img loading=\"lazy\" decoding=\"async\" class=\"aligncenter wp-image-3959\" src=\"https:\/\/agora.xtec.cat\/ceipmontessori\/wp-content\/uploads\/usu1159\/2020\/03\/CM_Rubimp\u00edades-300x294.jpeg\" alt=\"\" width=\"421\" height=\"413\" srcset=\"https:\/\/agora.xtec.cat\/ceipmontessori\/wp-content\/uploads\/usu1159\/2020\/03\/CM_Rubimp\u00edades-300x294.jpeg 300w, https:\/\/agora.xtec.cat\/ceipmontessori\/wp-content\/uploads\/usu1159\/2020\/03\/CM_Rubimp\u00edades-768x754.jpeg 768w, https:\/\/agora.xtec.cat\/ceipmontessori\/wp-content\/uploads\/usu1159\/2020\/03\/CM_Rubimp\u00edades-1024x1005.jpeg 1024w, https:\/\/agora.xtec.cat\/ceipmontessori\/wp-content\/uploads\/usu1159\/2020\/03\/CM_Rubimp\u00edades.jpeg 1080w\" sizes=\"auto, (max-width: 421px) 100vw, 421px\" \/><\/a><\/p>\n","protected":false},"excerpt":{"rendered":"<p>\u00c9s una\u00a0corredora de munyanya nascuda a Manresa el \u00a02 de novembre\u00a0de\u00a01976. Ha guanyat desenes de les curses de muntanya m\u00e9s destacades. Viu a\u00a0Berga\u00a0i entrena per les muntanyes dels voltants del\u00a0Bergued\u00e0. &nbsp; 1r Trimestre CROSSFIT KIDS A l&#8217;espai N\u00faria Picas de Cicle Inicial i Cicle Mitj\u00e0 hem fet un taller de CrossFit Kids. Taller\u00a0enfocat al treball [&hellip;]<\/p>\n","protected":false},"author":1,"featured_media":0,"comment_status":"closed","ping_status":"closed","sticky":false,"template":"","format":"standard","meta":{"_bbp_topic_count":0,"_bbp_reply_count":0,"_bbp_total_topic_count":0,"_bbp_total_reply_count":0,"_bbp_voice_count":0,"_bbp_anonymous_reply_count":0,"_bbp_topic_count_hidden":0,"_bbp_reply_count_hidden":0,"_bbp_forum_subforum_count":0,"site-sidebar-layout":"default","site-content-layout":"","ast-site-content-layout":"","site-content-style":"default","site-sidebar-style":"default","ast-global-header-display":"","ast-banner-title-visibility":"","ast-main-header-display":"","ast-hfb-above-header-display":"","ast-hfb-below-header-display":"","ast-hfb-mobile-header-display":"","site-post-title":"","ast-breadcrumbs-content":"","ast-featured-img":"","footer-sml-layout":"","theme-transparent-header-meta":"","adv-header-id-meta":"","stick-header-meta":"","header-above-stick-meta":"","header-main-stick-meta":"","header-below-stick-meta":"","astra-migrate-meta-layouts":"default","ast-page-background-enabled":"default","ast-page-background-meta":{"desktop":{"background-color":"var(--ast-global-color-4)","background-image":"","background-repeat":"repeat","background-position":"center center","background-size":"auto","background-attachment":"scroll","background-type":"","background-media":"","overlay-type":"","overlay-color":"","overlay-opacity":"","overlay-gradient":""},"tablet":{"background-color":"","background-image":"","background-repeat":"repeat","background-position":"center center","background-size":"auto","background-attachment":"scroll","background-type":"","background-media":"","overlay-type":"","overlay-color":"","overlay-opacity":"","overlay-gradient":""},"mobile":{"background-color":"","background-image":"","background-repeat":"repeat","background-position":"center center","background-size":"auto","background-attachment":"scroll","background-type":"","background-media":"","overlay-type":"","overlay-color":"","overlay-opacity":"","overlay-gradient":""}},"ast-content-background-meta":{"desktop":{"background-color":"var(--ast-global-color-5)","background-image":"","background-repeat":"repeat","background-position":"center center","background-size":"auto","background-attachment":"scroll","background-type":"","background-media":"","overlay-type":"","overlay-color":"","overlay-opacity":"","overlay-gradient":""},"tablet":{"background-color":"var(--ast-global-color-5)","background-image":"","background-repeat":"repeat","background-position":"center center","background-size":"auto","background-attachment":"scroll","background-type":"","background-media":"","overlay-type":"","overlay-color":"","overlay-opacity":"","overlay-gradient":""},"mobile":{"background-color":"var(--ast-global-color-5)","background-image":"","background-repeat":"repeat","background-position":"center center","background-size":"auto","background-attachment":"scroll","background-type":"","background-media":"","overlay-type":"","overlay-color":"","overlay-opacity":"","overlay-gradient":""}},"footnotes":""},"categories":[1],"tags":[],"class_list":["post-3507","post","type-post","status-publish","format-standard","hentry","category-general"],"post_mailing_queue_ids":[],"_links":{"self":[{"href":"https:\/\/agora.xtec.cat\/ceipmontessori\/wp-json\/wp\/v2\/posts\/3507","targetHints":{"allow":["GET"]}}],"collection":[{"href":"https:\/\/agora.xtec.cat\/ceipmontessori\/wp-json\/wp\/v2\/posts"}],"about":[{"href":"https:\/\/agora.xtec.cat\/ceipmontessori\/wp-json\/wp\/v2\/types\/post"}],"author":[{"embeddable":true,"href":"https:\/\/agora.xtec.cat\/ceipmontessori\/wp-json\/wp\/v2\/users\/1"}],"replies":[{"embeddable":true,"href":"https:\/\/agora.xtec.cat\/ceipmontessori\/wp-json\/wp\/v2\/comments?post=3507"}],"version-history":[{"count":4,"href":"https:\/\/agora.xtec.cat\/ceipmontessori\/wp-json\/wp\/v2\/posts\/3507\/revisions"}],"predecessor-version":[{"id":3963,"href":"https:\/\/agora.xtec.cat\/ceipmontessori\/wp-json\/wp\/v2\/posts\/3507\/revisions\/3963"}],"wp:attachment":[{"href":"https:\/\/agora.xtec.cat\/ceipmontessori\/wp-json\/wp\/v2\/media?parent=3507"}],"wp:term":[{"taxonomy":"category","embeddable":true,"href":"https:\/\/agora.xtec.cat\/ceipmontessori\/wp-json\/wp\/v2\/categories?post=3507"},{"taxonomy":"post_tag","embeddable":true,"href":"https:\/\/agora.xtec.cat\/ceipmontessori\/wp-json\/wp\/v2\/tags?post=3507"}],"curies":[{"name":"wp","href":"https:\/\/api.w.org\/{rel}","templated":true}]}}