{"id":3407,"date":"2020-01-12T23:18:55","date_gmt":"2020-01-12T22:18:55","guid":{"rendered":"http:\/\/agora.xtec.cat\/ceipmontessori\/?p=3407"},"modified":"2020-01-12T23:18:55","modified_gmt":"2020-01-12T22:18:55","slug":"lescola-montessori-amb-la-marato-2020","status":"publish","type":"post","link":"https:\/\/agora.xtec.cat\/ceipmontessori\/infantil\/lescola-montessori-amb-la-marato-2020\/","title":{"rendered":"L&#8217;Escola Montessori amb la Marat\u00f3 2020"},"content":{"rendered":"<p style=\"text-align: justify;\">Des de fa anys, tota la comunitat de l&#8217;escola Montessori promou la realitzaci\u00f3 d&#8217;activitats per col\u00b7laborar amb La Marat\u00f3 de TV3, mobilitzant-nos per una causa de gran impacte social alhora que per l&#8217;aprenentatge hum\u00e0 i cultural que se&#8217;n despr\u00e8n. Inicialment tenia un component participatiu de caire l\u00fadic per\u00f2 amb el pas del temps hem anat evolucionant de tal manera que a data d&#8217;avui est\u00e0 totalment integrada dins del nostre plantejament curricular. En aquest sentit, les nostres fam\u00edlies s\u00f3n coneixedores de que el centre participa activament en aquesta celebraci\u00f3 i cada cop m\u00e9s el\u00a0 nivell de col\u00b7laboraci\u00f3 \u00e9s m\u00e9s present quantitativament i qualitativament.<\/p>\n<p style=\"text-align: justify;\">La finalitat \u00faltima \u00e9s recaptar diners per contribuir a la investigaci\u00f3 que anualment es planteja, per\u00f2 el recorregut \u00e9s per a l&#8217;escola molt enriquidor. Fem recerca sobre la malaltia concreta de cada any, ens acostem al dia a dia de la gent que la pateix, posem en valor de pert\u00e0nyer\u00a0a una societat solid\u00e0ria aix\u00ed com reforcem el m\u00f3n de la investigaci\u00f3 cient\u00edfica, trets distintius que encaixen perfectament en el nostre projecte pedag\u00f2gic.<\/p>\n<p style=\"text-align: justify;\">En aquest sentit, donem visibilitat a la tasca que es realitza a l&#8217;escola Montessori. D&#8217;una banda, durant la tarda del divendres fam\u00edlies, nens i nenes, mestres, col\u00b7laboradors organitzem jocs i rifes, ballant plegats per posar fi a la festa, D&#8217;una altra, des de fa dos cursos, sortim al carrer amb tallers, jocs i activitats diverses gaudint de la participaci\u00f3 d&#8217;algunes entitats rubinenques, com \u00e9s el cas de la participaci\u00f3 de l&#8217;escola de l&#8217;esbart dansaire de Rub\u00ed, fent xarxa com ja \u00e9s habitual. En aquest cas, la causa s&#8217;ho val. El nostre centre destaca per l&#8217;oferta en l&#8217;\u00e0mbit tecnol\u00f2gic, integrada de manera globalitzada dins del curr\u00edculum. Aix\u00ed doncs, el dissabte 14 de desembre a la Rambla del ferrocarril vam gaudir compartint amb petits i grans un seguit de propostes innovadores. L&#8217;aflu\u00e8ncia de gent interessada no va decaure en cap moment de la matinal, valorant molt satisfact\u00f2riament la iniciativa. Sense cap mena de dubte, la implicaci\u00f3 i la il\u00b7lusi\u00f3 de tothom que formem part de l&#8217;escola van ser la clau de l&#8217;\u00e8xit\u00a0d&#8217;una jornada que com cada any, repetirem.<\/p>\n<table>\n<tbody>\n<tr>\n<td><a href=\"https:\/\/photos.app.goo.gl\/SusNF2fWyQCXbvXU7\"><img loading=\"lazy\" decoding=\"async\" class=\"aligncenter size-medium wp-image-3409\" src=\"https:\/\/agora.xtec.cat\/ceipmontessori\/wp-content\/uploads\/usu1159\/2020\/01\/COLLAGE-MARATO2-300x300.jpeg\" alt=\"\" width=\"300\" height=\"300\" srcset=\"https:\/\/agora.xtec.cat\/ceipmontessori\/wp-content\/uploads\/usu1159\/2020\/01\/COLLAGE-MARATO2-300x300.jpeg 300w, https:\/\/agora.xtec.cat\/ceipmontessori\/wp-content\/uploads\/usu1159\/2020\/01\/COLLAGE-MARATO2-150x150.jpeg 150w, https:\/\/agora.xtec.cat\/ceipmontessori\/wp-content\/uploads\/usu1159\/2020\/01\/COLLAGE-MARATO2-768x768.jpeg 768w, https:\/\/agora.xtec.cat\/ceipmontessori\/wp-content\/uploads\/usu1159\/2020\/01\/COLLAGE-MARATO2-1024x1024.jpeg 1024w, https:\/\/agora.xtec.cat\/ceipmontessori\/wp-content\/uploads\/usu1159\/2020\/01\/COLLAGE-MARATO2.jpeg 1600w\" sizes=\"auto, (max-width: 300px) 100vw, 300px\" \/><\/a><\/td>\n<td><a href=\"https:\/\/photos.app.goo.gl\/SusNF2fWyQCXbvXU7\"><img loading=\"lazy\" decoding=\"async\" class=\"aligncenter size-medium wp-image-3408\" src=\"https:\/\/agora.xtec.cat\/ceipmontessori\/wp-content\/uploads\/usu1159\/2020\/01\/COLLAGE-MARATO1-300x300.jpeg\" alt=\"\" width=\"300\" height=\"300\" srcset=\"https:\/\/agora.xtec.cat\/ceipmontessori\/wp-content\/uploads\/usu1159\/2020\/01\/COLLAGE-MARATO1-300x300.jpeg 300w, https:\/\/agora.xtec.cat\/ceipmontessori\/wp-content\/uploads\/usu1159\/2020\/01\/COLLAGE-MARATO1-150x150.jpeg 150w, https:\/\/agora.xtec.cat\/ceipmontessori\/wp-content\/uploads\/usu1159\/2020\/01\/COLLAGE-MARATO1-768x768.jpeg 768w, https:\/\/agora.xtec.cat\/ceipmontessori\/wp-content\/uploads\/usu1159\/2020\/01\/COLLAGE-MARATO1-1024x1024.jpeg 1024w, https:\/\/agora.xtec.cat\/ceipmontessori\/wp-content\/uploads\/usu1159\/2020\/01\/COLLAGE-MARATO1.jpeg 1600w\" sizes=\"auto, (max-width: 300px) 100vw, 300px\" \/><\/a><\/td>\n<\/tr>\n<\/tbody>\n<\/table>\n<p style=\"text-align: center;\">Cliqueu les imatges per accedir a l&#8217;\u00e0lbum de fotos o <a href=\"https:\/\/photos.app.goo.gl\/SusNF2fWyQCXbvXU7\">aqu\u00ed<\/a><\/p>\n","protected":false},"excerpt":{"rendered":"<p>Des de fa anys, tota la comunitat de l&#8217;escola Montessori promou la realitzaci\u00f3 d&#8217;activitats per col\u00b7laborar amb La Marat\u00f3 de TV3, mobilitzant-nos per una causa de gran impacte social alhora que per l&#8217;aprenentatge hum\u00e0 i cultural que se&#8217;n despr\u00e8n. Inicialment tenia un component participatiu de caire l\u00fadic per\u00f2 amb el pas del temps hem anat [&hellip;]<\/p>\n","protected":false},"author":1,"featured_media":0,"comment_status":"open","ping_status":"closed","sticky":false,"template":"","format":"standard","meta":{"_bbp_topic_count":0,"_bbp_reply_count":0,"_bbp_total_topic_count":0,"_bbp_total_reply_count":0,"_bbp_voice_count":0,"_bbp_anonymous_reply_count":0,"_bbp_topic_count_hidden":0,"_bbp_reply_count_hidden":0,"_bbp_forum_subforum_count":0,"site-sidebar-layout":"default","site-content-layout":"","ast-site-content-layout":"","site-content-style":"default","site-sidebar-style":"default","ast-global-header-display":"","ast-banner-title-visibility":"","ast-main-header-display":"","ast-hfb-above-header-display":"","ast-hfb-below-header-display":"","ast-hfb-mobile-header-display":"","site-post-title":"","ast-breadcrumbs-content":"","ast-featured-img":"","footer-sml-layout":"","theme-transparent-header-meta":"","adv-header-id-meta":"","stick-header-meta":"","header-above-stick-meta":"","header-main-stick-meta":"","header-below-stick-meta":"","astra-migrate-meta-layouts":"default","ast-page-background-enabled":"default","ast-page-background-meta":{"desktop":{"background-color":"var(--ast-global-color-4)","background-image":"","background-repeat":"repeat","background-position":"center center","background-size":"auto","background-attachment":"scroll","background-type":"","background-media":"","overlay-type":"","overlay-color":"","overlay-opacity":"","overlay-gradient":""},"tablet":{"background-color":"","background-image":"","background-repeat":"repeat","background-position":"center center","background-size":"auto","background-attachment":"scroll","background-type":"","background-media":"","overlay-type":"","overlay-color":"","overlay-opacity":"","overlay-gradient":""},"mobile":{"background-color":"","background-image":"","background-repeat":"repeat","background-position":"center center","background-size":"auto","background-attachment":"scroll","background-type":"","background-media":"","overlay-type":"","overlay-color":"","overlay-opacity":"","overlay-gradient":""}},"ast-content-background-meta":{"desktop":{"background-color":"var(--ast-global-color-5)","background-image":"","background-repeat":"repeat","background-position":"center center","background-size":"auto","background-attachment":"scroll","background-type":"","background-media":"","overlay-type":"","overlay-color":"","overlay-opacity":"","overlay-gradient":""},"tablet":{"background-color":"var(--ast-global-color-5)","background-image":"","background-repeat":"repeat","background-position":"center center","background-size":"auto","background-attachment":"scroll","background-type":"","background-media":"","overlay-type":"","overlay-color":"","overlay-opacity":"","overlay-gradient":""},"mobile":{"background-color":"var(--ast-global-color-5)","background-image":"","background-repeat":"repeat","background-position":"center center","background-size":"auto","background-attachment":"scroll","background-type":"","background-media":"","overlay-type":"","overlay-color":"","overlay-opacity":"","overlay-gradient":""}},"footnotes":""},"categories":[2,4,5],"tags":[193,172,83],"class_list":["post-3407","post","type-post","status-publish","format-standard","hentry","category-infantil","category-portada","category-primaria","tag-marato-de-tv3","tag-projecte-magnet","tag-tallers"],"post_mailing_queue_ids":[],"_links":{"self":[{"href":"https:\/\/agora.xtec.cat\/ceipmontessori\/wp-json\/wp\/v2\/posts\/3407","targetHints":{"allow":["GET"]}}],"collection":[{"href":"https:\/\/agora.xtec.cat\/ceipmontessori\/wp-json\/wp\/v2\/posts"}],"about":[{"href":"https:\/\/agora.xtec.cat\/ceipmontessori\/wp-json\/wp\/v2\/types\/post"}],"author":[{"embeddable":true,"href":"https:\/\/agora.xtec.cat\/ceipmontessori\/wp-json\/wp\/v2\/users\/1"}],"replies":[{"embeddable":true,"href":"https:\/\/agora.xtec.cat\/ceipmontessori\/wp-json\/wp\/v2\/comments?post=3407"}],"version-history":[{"count":1,"href":"https:\/\/agora.xtec.cat\/ceipmontessori\/wp-json\/wp\/v2\/posts\/3407\/revisions"}],"predecessor-version":[{"id":3410,"href":"https:\/\/agora.xtec.cat\/ceipmontessori\/wp-json\/wp\/v2\/posts\/3407\/revisions\/3410"}],"wp:attachment":[{"href":"https:\/\/agora.xtec.cat\/ceipmontessori\/wp-json\/wp\/v2\/media?parent=3407"}],"wp:term":[{"taxonomy":"category","embeddable":true,"href":"https:\/\/agora.xtec.cat\/ceipmontessori\/wp-json\/wp\/v2\/categories?post=3407"},{"taxonomy":"post_tag","embeddable":true,"href":"https:\/\/agora.xtec.cat\/ceipmontessori\/wp-json\/wp\/v2\/tags?post=3407"}],"curies":[{"name":"wp","href":"https:\/\/api.w.org\/{rel}","templated":true}]}}