{"id":7907,"date":"2024-11-19T19:21:29","date_gmt":"2024-11-19T18:21:29","guid":{"rendered":"https:\/\/agora.xtec.cat\/ceipmontanyans\/?p=7907"},"modified":"2024-11-19T19:21:29","modified_gmt":"2024-11-19T18:21:29","slug":"consell-dinfants-municipal","status":"publish","type":"post","link":"https:\/\/agora.xtec.cat\/ceipmontanyans\/general\/consell-dinfants-municipal\/","title":{"rendered":"Consell d&#8217;Infants Municipal"},"content":{"rendered":"<p>Ens complau convidar-vos a una activitat molt especial organitzada pel Consell d&#8217;Infants del nostre municipi amb motiu del<br \/>\nDia Universal dels Drets dels Infants. <strong>Aquesta celebraci\u00f3 tindr\u00e0 lloc el proper 24 de novembre, de 9:30 h a 13:00 h, a Cuabarrada.<\/strong><br \/>\nEls infants de la nostra escola que formen part del Consell d&#8217;Infants han treballat amb molta il\u00b7lusi\u00f3 per preparar aquesta jornada, que inclour\u00e0:<br \/>\n&#8211; Diverses activitats l\u00fadiques i creatives: taller de sab\u00f3, cer\u00e0mica, bot\u00e0nica, tirolines&#8230;<br \/>\n&#8211; Un taller de boles de Nadal i esmorzar, a c\u00e0rrec de la cooperativa Articoop.<\/p>\n<p>Us hi esperem!<\/p>\n<p><img loading=\"lazy\" decoding=\"async\" class=\"aligncenter  wp-image-7908\" src=\"https:\/\/agora.xtec.cat\/ceipmontanyans\/wp-content\/uploads\/usu2034\/2024\/11\/Festa-de-la-Infantesa-Castellet_11zon.png\" alt=\"\" width=\"406\" height=\"574\" srcset=\"https:\/\/agora.xtec.cat\/ceipmontanyans\/wp-content\/uploads\/usu2034\/2024\/11\/Festa-de-la-Infantesa-Castellet_11zon.png 1587w, https:\/\/agora.xtec.cat\/ceipmontanyans\/wp-content\/uploads\/usu2034\/2024\/11\/Festa-de-la-Infantesa-Castellet_11zon-212x300.png 212w, https:\/\/agora.xtec.cat\/ceipmontanyans\/wp-content\/uploads\/usu2034\/2024\/11\/Festa-de-la-Infantesa-Castellet_11zon-724x1024.png 724w, https:\/\/agora.xtec.cat\/ceipmontanyans\/wp-content\/uploads\/usu2034\/2024\/11\/Festa-de-la-Infantesa-Castellet_11zon-768x1086.png 768w, https:\/\/agora.xtec.cat\/ceipmontanyans\/wp-content\/uploads\/usu2034\/2024\/11\/Festa-de-la-Infantesa-Castellet_11zon-1086x1536.png 1086w, https:\/\/agora.xtec.cat\/ceipmontanyans\/wp-content\/uploads\/usu2034\/2024\/11\/Festa-de-la-Infantesa-Castellet_11zon-1448x2048.png 1448w\" sizes=\"auto, (max-width: 406px) 100vw, 406px\" \/><\/p>\n","protected":false},"excerpt":{"rendered":"<p>Ens complau convidar-vos a una activitat molt especial organitzada pel Consell d&#8217;Infants del nostre municipi amb motiu del<br \/>\nDia Universal dels Drets dels Infants. Aquesta celebraci\u00f3 tindr\u00e0 lloc el proper 24 de novembre, de 9:30 h a 13:00 h, a Cuabarrada.<br \/>\nEls infants de la nostra escola&hellip;  <a href=\"https:\/\/agora.xtec.cat\/ceipmontanyans\/general\/consell-dinfants-municipal\/\" title=\"Read Consell d&#8217;Infants Municipal\">Llegeix m\u00e9s\u00bb<\/a><\/p>\n","protected":false},"author":1,"featured_media":0,"comment_status":"open","ping_status":"closed","sticky":false,"template":"","format":"standard","meta":{"_bbp_topic_count":0,"_bbp_reply_count":0,"_bbp_total_topic_count":0,"_bbp_total_reply_count":0,"_bbp_voice_count":0,"_bbp_anonymous_reply_count":0,"_bbp_topic_count_hidden":0,"_bbp_reply_count_hidden":0,"_bbp_forum_subforum_count":0,"footnotes":""},"categories":[1,4],"tags":[],"class_list":["post-7907","post","type-post","status-publish","format-standard","hentry","category-general","category-portada"],"post_mailing_queue_ids":[],"_links":{"self":[{"href":"https:\/\/agora.xtec.cat\/ceipmontanyans\/wp-json\/wp\/v2\/posts\/7907","targetHints":{"allow":["GET"]}}],"collection":[{"href":"https:\/\/agora.xtec.cat\/ceipmontanyans\/wp-json\/wp\/v2\/posts"}],"about":[{"href":"https:\/\/agora.xtec.cat\/ceipmontanyans\/wp-json\/wp\/v2\/types\/post"}],"author":[{"embeddable":true,"href":"https:\/\/agora.xtec.cat\/ceipmontanyans\/wp-json\/wp\/v2\/users\/1"}],"replies":[{"embeddable":true,"href":"https:\/\/agora.xtec.cat\/ceipmontanyans\/wp-json\/wp\/v2\/comments?post=7907"}],"version-history":[{"count":1,"href":"https:\/\/agora.xtec.cat\/ceipmontanyans\/wp-json\/wp\/v2\/posts\/7907\/revisions"}],"predecessor-version":[{"id":7909,"href":"https:\/\/agora.xtec.cat\/ceipmontanyans\/wp-json\/wp\/v2\/posts\/7907\/revisions\/7909"}],"wp:attachment":[{"href":"https:\/\/agora.xtec.cat\/ceipmontanyans\/wp-json\/wp\/v2\/media?parent=7907"}],"wp:term":[{"taxonomy":"category","embeddable":true,"href":"https:\/\/agora.xtec.cat\/ceipmontanyans\/wp-json\/wp\/v2\/categories?post=7907"},{"taxonomy":"post_tag","embeddable":true,"href":"https:\/\/agora.xtec.cat\/ceipmontanyans\/wp-json\/wp\/v2\/tags?post=7907"}],"curies":[{"name":"wp","href":"https:\/\/api.w.org\/{rel}","templated":true}]}}