{"id":7413,"date":"2023-04-24T11:55:34","date_gmt":"2023-04-24T09:55:34","guid":{"rendered":"https:\/\/agora.xtec.cat\/ceipmontanyans\/?p=7413"},"modified":"2023-04-24T11:55:34","modified_gmt":"2023-04-24T09:55:34","slug":"llistat-dalumnat-amb-puntuacio-provisional-curs-2023","status":"publish","type":"post","link":"https:\/\/agora.xtec.cat\/ceipmontanyans\/preinscripcio\/llistat-dalumnat-amb-puntuacio-provisional-curs-2023\/","title":{"rendered":"Llistat d&#8217;alumnat amb puntuaci\u00f3 provisional Curs 2023"},"content":{"rendered":"<p>Aqu\u00ed teniu la <strong>llista de sol\u00b7licituds de preinscripci\u00f3 al centre amb la puntuaci\u00f3 provisional.<\/strong><\/p>\n<p>Del 21 al 28 d&#8217;abril es poden <a title=\"Ves a la web de preinscripci\u00f3\" href=\"https:\/\/preinscripcio.gencat.cat\/ca\/estudis\/primaria\/preinscriute\/seguiment-sollicitud\/reclamacions-puntuacio-provisional\/\" target=\"_blank\" rel=\"noopener\"><strong>presentar les reclamacions<\/strong><\/a>. <em>(La reclamaci\u00f3 es presentar\u00e0 tamb\u00e9 electr\u00f2nicament mitjan\u00e7ant una aplicaci\u00f3 accessible a trav\u00e9s del\u00a0<a title=\"Web de preinscripci\u00f3\" href=\"https:\/\/preinscripcio.gencat.cat\/ca\/inici\/\" target=\"_blank\" rel=\"noopener\">web de preinscripci\u00f3<\/a> o de l&#8217;enlla\u00e7 disponible de de la consulta individual de sol\u00b7licituds. En el web hi haur\u00e0 disponible un formulari de reclamacions que es podr\u00e0 adjuntar a l\u2019aplicaci\u00f3 juntament amb la documentaci\u00f3 que es consideri oportuna per acreditar la reclamaci\u00f3. En el cas de les reclamacions, es poden acceptar presentades en paper, si \u00e9s necessari).<\/em><\/p>\n<p><a href=\"https:\/\/agora.xtec.cat\/ceipmontanyans\/wp-content\/uploads\/usu2034\/2023\/04\/INFORME_BAREM_PROVISIONAL_BAREM-4.pdf\">Acc\u00e9s al llistat<\/a><\/p>\n","protected":false},"excerpt":{"rendered":"<p>Aqu\u00ed teniu la llista de sol\u00b7licituds de preinscripci\u00f3 al centre amb la puntuaci\u00f3 provisional.<br \/>\nDel 21 al 28 d&#8217;abril es poden <a title=\"Ves a la web de preinscripci\u00f3\" href=\"https:\/\/preinscripcio.gencat.cat\/ca\/estudis\/primaria\/preinscriute\/seguiment-sollicitud\/reclamacions-puntuacio-provisional\/\" target=\"_blank\" rel=\"noopener\">presentar les reclamacions<\/a>. (La reclamaci\u00f3 es presentar\u00e0 tamb\u00e9 electr\u00f2nicament mitjan\u00e7ant una aplicaci\u00f3 accessible a trav\u00e9s del\u00a0<a&hellip;  <a href=\"https:\/\/agora.xtec.cat\/ceipmontanyans\/preinscripcio\/llistat-dalumnat-amb-puntuacio-provisional-curs-2023\/\" title=\"Read Llistat d&#8217;alumnat amb puntuaci\u00f3 provisional Curs 2023\">Llegeix m\u00e9s\u00bb<\/a><\/p>\n","protected":false},"author":1,"featured_media":0,"comment_status":"open","ping_status":"closed","sticky":false,"template":"","format":"standard","meta":{"_bbp_topic_count":0,"_bbp_reply_count":0,"_bbp_total_topic_count":0,"_bbp_total_reply_count":0,"_bbp_voice_count":0,"_bbp_anonymous_reply_count":0,"_bbp_topic_count_hidden":0,"_bbp_reply_count_hidden":0,"_bbp_forum_subforum_count":0,"footnotes":""},"categories":[111],"tags":[],"class_list":["post-7413","post","type-post","status-publish","format-standard","hentry","category-preinscripcio"],"post_mailing_queue_ids":[],"_links":{"self":[{"href":"https:\/\/agora.xtec.cat\/ceipmontanyans\/wp-json\/wp\/v2\/posts\/7413","targetHints":{"allow":["GET"]}}],"collection":[{"href":"https:\/\/agora.xtec.cat\/ceipmontanyans\/wp-json\/wp\/v2\/posts"}],"about":[{"href":"https:\/\/agora.xtec.cat\/ceipmontanyans\/wp-json\/wp\/v2\/types\/post"}],"author":[{"embeddable":true,"href":"https:\/\/agora.xtec.cat\/ceipmontanyans\/wp-json\/wp\/v2\/users\/1"}],"replies":[{"embeddable":true,"href":"https:\/\/agora.xtec.cat\/ceipmontanyans\/wp-json\/wp\/v2\/comments?post=7413"}],"version-history":[{"count":1,"href":"https:\/\/agora.xtec.cat\/ceipmontanyans\/wp-json\/wp\/v2\/posts\/7413\/revisions"}],"predecessor-version":[{"id":7415,"href":"https:\/\/agora.xtec.cat\/ceipmontanyans\/wp-json\/wp\/v2\/posts\/7413\/revisions\/7415"}],"wp:attachment":[{"href":"https:\/\/agora.xtec.cat\/ceipmontanyans\/wp-json\/wp\/v2\/media?parent=7413"}],"wp:term":[{"taxonomy":"category","embeddable":true,"href":"https:\/\/agora.xtec.cat\/ceipmontanyans\/wp-json\/wp\/v2\/categories?post=7413"},{"taxonomy":"post_tag","embeddable":true,"href":"https:\/\/agora.xtec.cat\/ceipmontanyans\/wp-json\/wp\/v2\/tags?post=7413"}],"curies":[{"name":"wp","href":"https:\/\/api.w.org\/{rel}","templated":true}]}}