{"id":7374,"date":"2023-03-03T11:07:27","date_gmt":"2023-03-03T10:07:27","guid":{"rendered":"https:\/\/agora.xtec.cat\/ceipmontanyans\/?p=7374"},"modified":"2023-03-03T11:11:39","modified_gmt":"2023-03-03T10:11:39","slug":"publicacio-de-loferta-de-places-pel-curs-23-24","status":"publish","type":"post","link":"https:\/\/agora.xtec.cat\/ceipmontanyans\/preinscripcio\/publicacio-de-loferta-de-places-pel-curs-23-24\/","title":{"rendered":"Publicaci\u00f3 de l&#8217;oferta de places pel curs 23-24"},"content":{"rendered":"<p>En el seg\u00fcent document podreu veure quina \u00e9s l\u2019oferta de places per proper curs.<br \/>\n<a href=\"https:\/\/agora.xtec.cat\/ceipmontanyans\/wp-content\/uploads\/usu2034\/2023\/03\/INFORME_OFERTA_OME_INFORME_OFERTA-1.pdf\">Publicaci\u00f3 oferta de places\u00a0<\/a><\/p>\n","protected":false},"excerpt":{"rendered":"<p>En el seg\u00fcent document podreu veure quina \u00e9s l\u2019oferta de places per proper curs.<br \/>\n<a href=\"https:\/\/agora.xtec.cat\/ceipmontanyans\/wp-content\/uploads\/usu2034\/2023\/03\/INFORME_OFERTA_OME_INFORME_OFERTA-1.pdf\">Publicaci\u00f3 oferta de places\u00a0<\/a><\/p>\n","protected":false},"author":1,"featured_media":0,"comment_status":"open","ping_status":"closed","sticky":false,"template":"","format":"standard","meta":{"_bbp_topic_count":0,"_bbp_reply_count":0,"_bbp_total_topic_count":0,"_bbp_total_reply_count":0,"_bbp_voice_count":0,"_bbp_anonymous_reply_count":0,"_bbp_topic_count_hidden":0,"_bbp_reply_count_hidden":0,"_bbp_forum_subforum_count":0,"footnotes":""},"categories":[111],"tags":[],"class_list":["post-7374","post","type-post","status-publish","format-standard","hentry","category-preinscripcio"],"post_mailing_queue_ids":[],"_links":{"self":[{"href":"https:\/\/agora.xtec.cat\/ceipmontanyans\/wp-json\/wp\/v2\/posts\/7374","targetHints":{"allow":["GET"]}}],"collection":[{"href":"https:\/\/agora.xtec.cat\/ceipmontanyans\/wp-json\/wp\/v2\/posts"}],"about":[{"href":"https:\/\/agora.xtec.cat\/ceipmontanyans\/wp-json\/wp\/v2\/types\/post"}],"author":[{"embeddable":true,"href":"https:\/\/agora.xtec.cat\/ceipmontanyans\/wp-json\/wp\/v2\/users\/1"}],"replies":[{"embeddable":true,"href":"https:\/\/agora.xtec.cat\/ceipmontanyans\/wp-json\/wp\/v2\/comments?post=7374"}],"version-history":[{"count":1,"href":"https:\/\/agora.xtec.cat\/ceipmontanyans\/wp-json\/wp\/v2\/posts\/7374\/revisions"}],"predecessor-version":[{"id":7376,"href":"https:\/\/agora.xtec.cat\/ceipmontanyans\/wp-json\/wp\/v2\/posts\/7374\/revisions\/7376"}],"wp:attachment":[{"href":"https:\/\/agora.xtec.cat\/ceipmontanyans\/wp-json\/wp\/v2\/media?parent=7374"}],"wp:term":[{"taxonomy":"category","embeddable":true,"href":"https:\/\/agora.xtec.cat\/ceipmontanyans\/wp-json\/wp\/v2\/categories?post=7374"},{"taxonomy":"post_tag","embeddable":true,"href":"https:\/\/agora.xtec.cat\/ceipmontanyans\/wp-json\/wp\/v2\/tags?post=7374"}],"curies":[{"name":"wp","href":"https:\/\/api.w.org\/{rel}","templated":true}]}}