{"id":7238,"date":"2022-10-28T13:42:03","date_gmt":"2022-10-28T11:42:03","guid":{"rendered":"https:\/\/agora.xtec.cat\/ceipmontanyans\/?p=7238"},"modified":"2022-11-30T10:49:49","modified_gmt":"2022-11-30T09:49:49","slug":"tallers-dacompanyament-emocional","status":"publish","type":"post","link":"https:\/\/agora.xtec.cat\/ceipmontanyans\/portada\/tallers-dacompanyament-emocional\/","title":{"rendered":"Tallers d&#8217;acompanyament emocional"},"content":{"rendered":"<p><img loading=\"lazy\" decoding=\"async\" class=\"aligncenter wp-image-7239\" src=\"https:\/\/agora.xtec.cat\/ceipmontanyans\/wp-content\/uploads\/usu2034\/2022\/10\/Pre-Adolescencia-i-Adolescencia.jpg\" alt=\"\" width=\"318\" height=\"449\" srcset=\"https:\/\/agora.xtec.cat\/ceipmontanyans\/wp-content\/uploads\/usu2034\/2022\/10\/Pre-Adolescencia-i-Adolescencia.jpg 1414w, https:\/\/agora.xtec.cat\/ceipmontanyans\/wp-content\/uploads\/usu2034\/2022\/10\/Pre-Adolescencia-i-Adolescencia-212x300.jpg 212w, https:\/\/agora.xtec.cat\/ceipmontanyans\/wp-content\/uploads\/usu2034\/2022\/10\/Pre-Adolescencia-i-Adolescencia-724x1024.jpg 724w, https:\/\/agora.xtec.cat\/ceipmontanyans\/wp-content\/uploads\/usu2034\/2022\/10\/Pre-Adolescencia-i-Adolescencia-768x1086.jpg 768w, https:\/\/agora.xtec.cat\/ceipmontanyans\/wp-content\/uploads\/usu2034\/2022\/10\/Pre-Adolescencia-i-Adolescencia-1086x1536.jpg 1086w\" sizes=\"auto, (max-width: 318px) 100vw, 318px\" \/><\/p>\n<p>Iniciem els tallers d&#8217;acompanyament emocional per les fam\u00edlies. Durant aquest trimestre realitzarem el taller de preadolesc\u00e8ncia i adolesc\u00e8ncia i assetjament escolar. Recordeu que per venir s&#8217;ha de fer la inscripci\u00f3 pr\u00e8via al seg\u00fcent formulari: <a href=\"https:\/\/forms.gle\/zPVK9GZvgX4aptwB7\">Formulari<\/a><\/p>\n","protected":false},"excerpt":{"rendered":"<p>Iniciem els tallers d&#8217;acompanyament emocional per les fam\u00edlies. Durant aquest trimestre realitzarem el taller de preadolesc\u00e8ncia i adolesc\u00e8ncia i assetjament escolar. Recordeu que per venir s&#8217;ha de fer la inscripci\u00f3 pr\u00e8via al seg\u00fcent formulari: <a href=\"https:\/\/forms.gle\/zPVK9GZvgX4aptwB7\">Formulari<\/a><\/p>\n","protected":false},"author":1,"featured_media":0,"comment_status":"open","ping_status":"closed","sticky":false,"template":"","format":"standard","meta":{"_bbp_topic_count":0,"_bbp_reply_count":0,"_bbp_total_topic_count":0,"_bbp_total_reply_count":0,"_bbp_voice_count":0,"_bbp_anonymous_reply_count":0,"_bbp_topic_count_hidden":0,"_bbp_reply_count_hidden":0,"_bbp_forum_subforum_count":0,"footnotes":""},"categories":[4],"tags":[],"class_list":["post-7238","post","type-post","status-publish","format-standard","hentry","category-portada"],"post_mailing_queue_ids":[],"_links":{"self":[{"href":"https:\/\/agora.xtec.cat\/ceipmontanyans\/wp-json\/wp\/v2\/posts\/7238","targetHints":{"allow":["GET"]}}],"collection":[{"href":"https:\/\/agora.xtec.cat\/ceipmontanyans\/wp-json\/wp\/v2\/posts"}],"about":[{"href":"https:\/\/agora.xtec.cat\/ceipmontanyans\/wp-json\/wp\/v2\/types\/post"}],"author":[{"embeddable":true,"href":"https:\/\/agora.xtec.cat\/ceipmontanyans\/wp-json\/wp\/v2\/users\/1"}],"replies":[{"embeddable":true,"href":"https:\/\/agora.xtec.cat\/ceipmontanyans\/wp-json\/wp\/v2\/comments?post=7238"}],"version-history":[{"count":3,"href":"https:\/\/agora.xtec.cat\/ceipmontanyans\/wp-json\/wp\/v2\/posts\/7238\/revisions"}],"predecessor-version":[{"id":7258,"href":"https:\/\/agora.xtec.cat\/ceipmontanyans\/wp-json\/wp\/v2\/posts\/7238\/revisions\/7258"}],"wp:attachment":[{"href":"https:\/\/agora.xtec.cat\/ceipmontanyans\/wp-json\/wp\/v2\/media?parent=7238"}],"wp:term":[{"taxonomy":"category","embeddable":true,"href":"https:\/\/agora.xtec.cat\/ceipmontanyans\/wp-json\/wp\/v2\/categories?post=7238"},{"taxonomy":"post_tag","embeddable":true,"href":"https:\/\/agora.xtec.cat\/ceipmontanyans\/wp-json\/wp\/v2\/tags?post=7238"}],"curies":[{"name":"wp","href":"https:\/\/api.w.org\/{rel}","templated":true}]}}