{"id":719,"date":"2015-11-19T17:40:00","date_gmt":"2015-11-19T16:40:00","guid":{"rendered":"https:\/\/agora.xtec.cat\/ceipmontanyans\/general\/tutira-mai\/"},"modified":"2020-03-24T20:13:48","modified_gmt":"2020-03-24T19:13:48","slug":"tutira-mai","status":"publish","type":"post","link":"https:\/\/agora.xtec.cat\/ceipmontanyans\/general\/tutira-mai\/","title":{"rendered":"Tutira mai!"},"content":{"rendered":"<p>Els alumnes de 3r hem estat cantant una can\u00e7\u00f3 maor\u00ed que es diu Tutira mai. La tribu maor\u00ed es origin\u00e0ria de Nova Zelanda, a l&#8217;altra punta del m\u00f3n!<br \/>Diu&#8230;<\/p>\n<p>Estem junts en files tots nosaltres,<br \/>per cercar el coneixement i la fraternitat entre totes les persones.<br \/>Pensem com un de sol, actuem com un de sol,<br \/>tots nosaltres, tots nosaltres.<\/p>\n<p> <iframe loading=\"lazy\" width=\"560\" height=\"315\" src=\"https:\/\/www.youtube.com\/embed\/CSykNhpJpvs\" frameborder=\"0\" allowfullscreen><\/iframe><\/p>\n","protected":false},"excerpt":{"rendered":"<p>Els alumnes de 3r hem estat cantant una can\u00e7\u00f3 maor\u00ed que es diu Tutira mai. La tribu maor\u00ed es origin\u00e0ria de Nova Zelanda, a l&#8217;altra punta del m\u00f3n!Diu&#8230;<br \/>\nEstem junts en files tots nosaltres,per cercar el coneixement i la fraternitat entre totes les persones.Pensem com un&hellip;  <a href=\"https:\/\/agora.xtec.cat\/ceipmontanyans\/general\/tutira-mai\/\" title=\"Read Tutira mai!\">Llegeix m\u00e9s\u00bb<\/a><\/p>\n","protected":false},"author":1,"featured_media":0,"comment_status":"open","ping_status":"closed","sticky":false,"template":"","format":"standard","meta":{"_bbp_topic_count":0,"_bbp_reply_count":0,"_bbp_total_topic_count":0,"_bbp_total_reply_count":0,"_bbp_voice_count":0,"_bbp_anonymous_reply_count":0,"_bbp_topic_count_hidden":0,"_bbp_reply_count_hidden":0,"_bbp_forum_subforum_count":0,"footnotes":""},"categories":[64,1],"tags":[],"class_list":["post-719","post","type-post","status-publish","format-standard","hentry","category-mitjans","category-general"],"post_mailing_queue_ids":[],"_links":{"self":[{"href":"https:\/\/agora.xtec.cat\/ceipmontanyans\/wp-json\/wp\/v2\/posts\/719","targetHints":{"allow":["GET"]}}],"collection":[{"href":"https:\/\/agora.xtec.cat\/ceipmontanyans\/wp-json\/wp\/v2\/posts"}],"about":[{"href":"https:\/\/agora.xtec.cat\/ceipmontanyans\/wp-json\/wp\/v2\/types\/post"}],"author":[{"embeddable":true,"href":"https:\/\/agora.xtec.cat\/ceipmontanyans\/wp-json\/wp\/v2\/users\/1"}],"replies":[{"embeddable":true,"href":"https:\/\/agora.xtec.cat\/ceipmontanyans\/wp-json\/wp\/v2\/comments?post=719"}],"version-history":[{"count":1,"href":"https:\/\/agora.xtec.cat\/ceipmontanyans\/wp-json\/wp\/v2\/posts\/719\/revisions"}],"predecessor-version":[{"id":1257,"href":"https:\/\/agora.xtec.cat\/ceipmontanyans\/wp-json\/wp\/v2\/posts\/719\/revisions\/1257"}],"wp:attachment":[{"href":"https:\/\/agora.xtec.cat\/ceipmontanyans\/wp-json\/wp\/v2\/media?parent=719"}],"wp:term":[{"taxonomy":"category","embeddable":true,"href":"https:\/\/agora.xtec.cat\/ceipmontanyans\/wp-json\/wp\/v2\/categories?post=719"},{"taxonomy":"post_tag","embeddable":true,"href":"https:\/\/agora.xtec.cat\/ceipmontanyans\/wp-json\/wp\/v2\/tags?post=719"}],"curies":[{"name":"wp","href":"https:\/\/api.w.org\/{rel}","templated":true}]}}