{"id":711,"date":"2015-12-19T16:06:00","date_gmt":"2015-12-19T15:06:00","guid":{"rendered":"https:\/\/agora.xtec.cat\/ceipmontanyans\/general\/aprenem-notes-al-pentagrama-gegant\/"},"modified":"2020-03-24T20:13:47","modified_gmt":"2020-03-24T19:13:47","slug":"aprenem-notes-al-pentagrama-gegant","status":"publish","type":"post","link":"https:\/\/agora.xtec.cat\/ceipmontanyans\/general\/aprenem-notes-al-pentagrama-gegant\/","title":{"rendered":"Aprenem notes al pentagrama gegant!!"},"content":{"rendered":"<p>Hola!!<\/p>\n<p>A la classe de les crispetes estem aprenent les notes musicals amb la can\u00e7\u00f3 de l&#8217;ocell i no pod\u00edem marxar de vacances sense estrenar el pentagrama gengant tan xulo que ens van fer. Moltes gr\u00e0cies als pares i mares per aquest pentagrama i els jocs tan xulos del pati!!<\/p>\n<p><iframe loading=\"lazy\" allowfullscreen=\"\" frameborder=\"0\" height=\"270\" src=\"https:\/\/www.youtube.com\/embed\/Y7hXXDtQnn0\" width=\"480\"><\/iframe><\/p>\n","protected":false},"excerpt":{"rendered":"<p>Hola!!<br \/>\nA la classe de les crispetes estem aprenent les notes musicals amb la can\u00e7\u00f3 de l&#8217;ocell i no pod\u00edem marxar de vacances sense estrenar el pentagrama gengant tan xulo que ens van fer. Moltes gr\u00e0cies als pares i mares per aquest pentagrama i els jocs&hellip;  <a href=\"https:\/\/agora.xtec.cat\/ceipmontanyans\/general\/aprenem-notes-al-pentagrama-gegant\/\" title=\"Read Aprenem notes al pentagrama gegant!!\">Llegeix m\u00e9s\u00bb<\/a><\/p>\n","protected":false},"author":1,"featured_media":0,"comment_status":"open","ping_status":"closed","sticky":false,"template":"","format":"standard","meta":{"_bbp_topic_count":0,"_bbp_reply_count":0,"_bbp_total_topic_count":0,"_bbp_total_reply_count":0,"_bbp_voice_count":0,"_bbp_anonymous_reply_count":0,"_bbp_topic_count_hidden":0,"_bbp_reply_count_hidden":0,"_bbp_forum_subforum_count":0,"footnotes":""},"categories":[64,1],"tags":[],"class_list":["post-711","post","type-post","status-publish","format-standard","hentry","category-mitjans","category-general"],"post_mailing_queue_ids":[],"_links":{"self":[{"href":"https:\/\/agora.xtec.cat\/ceipmontanyans\/wp-json\/wp\/v2\/posts\/711","targetHints":{"allow":["GET"]}}],"collection":[{"href":"https:\/\/agora.xtec.cat\/ceipmontanyans\/wp-json\/wp\/v2\/posts"}],"about":[{"href":"https:\/\/agora.xtec.cat\/ceipmontanyans\/wp-json\/wp\/v2\/types\/post"}],"author":[{"embeddable":true,"href":"https:\/\/agora.xtec.cat\/ceipmontanyans\/wp-json\/wp\/v2\/users\/1"}],"replies":[{"embeddable":true,"href":"https:\/\/agora.xtec.cat\/ceipmontanyans\/wp-json\/wp\/v2\/comments?post=711"}],"version-history":[{"count":1,"href":"https:\/\/agora.xtec.cat\/ceipmontanyans\/wp-json\/wp\/v2\/posts\/711\/revisions"}],"predecessor-version":[{"id":1249,"href":"https:\/\/agora.xtec.cat\/ceipmontanyans\/wp-json\/wp\/v2\/posts\/711\/revisions\/1249"}],"wp:attachment":[{"href":"https:\/\/agora.xtec.cat\/ceipmontanyans\/wp-json\/wp\/v2\/media?parent=711"}],"wp:term":[{"taxonomy":"category","embeddable":true,"href":"https:\/\/agora.xtec.cat\/ceipmontanyans\/wp-json\/wp\/v2\/categories?post=711"},{"taxonomy":"post_tag","embeddable":true,"href":"https:\/\/agora.xtec.cat\/ceipmontanyans\/wp-json\/wp\/v2\/tags?post=711"}],"curies":[{"name":"wp","href":"https:\/\/api.w.org\/{rel}","templated":true}]}}