{"id":5810,"date":"2020-09-03T08:51:19","date_gmt":"2020-09-03T06:51:19","guid":{"rendered":"https:\/\/agora.xtec.cat\/ceipmontanyans\/?p=5810"},"modified":"2020-09-03T08:51:19","modified_gmt":"2020-09-03T06:51:19","slug":"informacio-sobre-mesures-de-salut","status":"publish","type":"post","link":"https:\/\/agora.xtec.cat\/ceipmontanyans\/general\/informacio-sobre-mesures-de-salut\/","title":{"rendered":"Informaci\u00f3 sobre mesures de salut"},"content":{"rendered":"<p>Aqu\u00ed teniu dos documents amb informaci\u00f3 important sobre mesures de salut a l&#8217;escola.<\/p>\n<ul>\n<li><a href=\"https:\/\/agora.xtec.cat\/ceipmontanyans\/wp-content\/uploads\/usu2034\/2020\/09\/Salut-_-Escola-Annex-Docents.pdf\">MESURES EXTRAORDIN\u00c0RIES<\/a><\/li>\n<li><a href=\"https:\/\/agora.xtec.cat\/ceipmontanyans\/wp-content\/uploads\/usu2034\/2020\/09\/Salut-_-Escola-CARTA-Docents.pdf\">ALTRES RECOMANACIONS<\/a><\/li>\n<\/ul>\n<p><a href=\"https:\/\/agora.xtec.cat\/ceipmontanyans\/wp-content\/uploads\/usu2034\/2020\/09\/slider-salut-escola.png_191393041.png\"><img loading=\"lazy\" decoding=\"async\" class=\"alignnone  wp-image-5816\" src=\"https:\/\/agora.xtec.cat\/ceipmontanyans\/wp-content\/uploads\/usu2034\/2020\/09\/slider-salut-escola.png_191393041.png\" alt=\"\" width=\"391\" height=\"303\" srcset=\"https:\/\/agora.xtec.cat\/ceipmontanyans\/wp-content\/uploads\/usu2034\/2020\/09\/slider-salut-escola.png_191393041.png 555w, https:\/\/agora.xtec.cat\/ceipmontanyans\/wp-content\/uploads\/usu2034\/2020\/09\/slider-salut-escola.png_191393041-300x233.png 300w\" sizes=\"auto, (max-width: 391px) 100vw, 391px\" \/><\/a><\/p>\n","protected":false},"excerpt":{"rendered":"<p>Aqu\u00ed teniu dos documents amb informaci\u00f3 important sobre mesures de salut a l&#8217;escola.<\/p>\n<ul>\n<li><a href=\"https:\/\/agora.xtec.cat\/ceipmontanyans\/wp-content\/uploads\/usu2034\/2020\/09\/Salut-_-Escola-Annex-Docents.pdf\">MESURES EXTRAORDIN\u00c0RIES<\/a><\/li>\n<li><a href=\"https:\/\/agora.xtec.cat\/ceipmontanyans\/wp-content\/uploads\/usu2034\/2020\/09\/Salut-_-Escola-CARTA-Docents.pdf\">ALTRES RECOMANACIONS<\/a><\/li>\n<\/ul>\n<p><a href=\"https:\/\/agora.xtec.cat\/ceipmontanyans\/wp-content\/uploads\/usu2034\/2020\/09\/slider-salut-escola.png_191393041.png\"><\/a><\/p>\n","protected":false},"author":7,"featured_media":0,"comment_status":"open","ping_status":"closed","sticky":false,"template":"","format":"standard","meta":{"_bbp_topic_count":0,"_bbp_reply_count":0,"_bbp_total_topic_count":0,"_bbp_total_reply_count":0,"_bbp_voice_count":0,"_bbp_anonymous_reply_count":0,"_bbp_topic_count_hidden":0,"_bbp_reply_count_hidden":0,"_bbp_forum_subforum_count":0,"footnotes":""},"categories":[1,4],"tags":[],"class_list":["post-5810","post","type-post","status-publish","format-standard","hentry","category-general","category-portada"],"post_mailing_queue_ids":[],"_links":{"self":[{"href":"https:\/\/agora.xtec.cat\/ceipmontanyans\/wp-json\/wp\/v2\/posts\/5810","targetHints":{"allow":["GET"]}}],"collection":[{"href":"https:\/\/agora.xtec.cat\/ceipmontanyans\/wp-json\/wp\/v2\/posts"}],"about":[{"href":"https:\/\/agora.xtec.cat\/ceipmontanyans\/wp-json\/wp\/v2\/types\/post"}],"author":[{"embeddable":true,"href":"https:\/\/agora.xtec.cat\/ceipmontanyans\/wp-json\/wp\/v2\/users\/7"}],"replies":[{"embeddable":true,"href":"https:\/\/agora.xtec.cat\/ceipmontanyans\/wp-json\/wp\/v2\/comments?post=5810"}],"version-history":[{"count":3,"href":"https:\/\/agora.xtec.cat\/ceipmontanyans\/wp-json\/wp\/v2\/posts\/5810\/revisions"}],"predecessor-version":[{"id":5820,"href":"https:\/\/agora.xtec.cat\/ceipmontanyans\/wp-json\/wp\/v2\/posts\/5810\/revisions\/5820"}],"wp:attachment":[{"href":"https:\/\/agora.xtec.cat\/ceipmontanyans\/wp-json\/wp\/v2\/media?parent=5810"}],"wp:term":[{"taxonomy":"category","embeddable":true,"href":"https:\/\/agora.xtec.cat\/ceipmontanyans\/wp-json\/wp\/v2\/categories?post=5810"},{"taxonomy":"post_tag","embeddable":true,"href":"https:\/\/agora.xtec.cat\/ceipmontanyans\/wp-json\/wp\/v2\/tags?post=5810"}],"curies":[{"name":"wp","href":"https:\/\/api.w.org\/{rel}","templated":true}]}}