{"id":543,"date":"2019-05-10T16:09:00","date_gmt":"2019-05-10T14:09:00","guid":{"rendered":"https:\/\/agora.xtec.cat\/ceipmontanyans\/general\/ens-acomiadem-del-saku-i-la-deena\/"},"modified":"2020-03-24T20:06:04","modified_gmt":"2020-03-24T19:06:04","slug":"ens-acomiadem-del-saku-i-la-deena","status":"publish","type":"post","link":"https:\/\/agora.xtec.cat\/ceipmontanyans\/general\/ens-acomiadem-del-saku-i-la-deena\/","title":{"rendered":"Ens acomiadem del Saku i la Deena"},"content":{"rendered":"<p><\/p>\n<div style=\"clear: both; text-align: center;\"><a href=\"https:\/\/4.bp.blogspot.com\/-MhoRmuYwrm8\/XNWSmWj7hqI\/AAAAAAAAH_k\/YJBqepVBh88xoofZPN4s0L3hjdWqGxKhwCLcBGAs\/s1600\/20190509_101634.jpg\" style=\"margin-left: 1em; margin-right: 1em;\"><img loading=\"lazy\" decoding=\"async\" border=\"0\" data-original-height=\"900\" data-original-width=\"1600\" height=\"225\" src=\"https:\/\/4.bp.blogspot.com\/-MhoRmuYwrm8\/XNWSmWj7hqI\/AAAAAAAAH_k\/YJBqepVBh88xoofZPN4s0L3hjdWqGxKhwCLcBGAs\/s400\/20190509_101634.jpg\" width=\"400\" \/><\/a><\/div>\n<p>Fa uns mesos vam rebre una carta del Saku i la Deena, dos micos que ens demanaven ajuda.<br \/>Hem estat investigant sobre el Parc del Foix i tamb\u00e9 sobre els micos, i hem descobert que aquest no \u00e9s un h\u00e0bitat apropiat per ells. Avui hem tancat aquest projecte entregant-los una carta sobre les esp\u00e8cies invasores i acomiadant-nos d&#8217;ells.<br \/>Els desitgem molta sort per trobar el seu h\u00e0bitat. Ad\u00e9u Saku i Deena!<\/p>\n","protected":false},"excerpt":{"rendered":"<p><a href=\"https:\/\/4.bp.blogspot.com\/-MhoRmuYwrm8\/XNWSmWj7hqI\/AAAAAAAAH_k\/YJBqepVBh88xoofZPN4s0L3hjdWqGxKhwCLcBGAs\/s1600\/20190509_101634.jpg\" style=\"margin-left: 1em; margin-right: 1em;\"><\/a><br \/>\nFa uns mesos vam rebre una carta del Saku i la Deena, dos micos que ens demanaven ajuda.Hem estat investigant sobre el Parc del Foix i tamb\u00e9 sobre els micos, i hem descobert que aquest no \u00e9s un h\u00e0bitat apropiat&hellip;  <a href=\"https:\/\/agora.xtec.cat\/ceipmontanyans\/general\/ens-acomiadem-del-saku-i-la-deena\/\" title=\"Read Ens acomiadem del Saku i la Deena\">Llegeix m\u00e9s\u00bb<\/a><\/p>\n","protected":false},"author":1,"featured_media":0,"comment_status":"open","ping_status":"closed","sticky":false,"template":"","format":"standard","meta":{"_bbp_topic_count":0,"_bbp_reply_count":0,"_bbp_total_topic_count":0,"_bbp_total_reply_count":0,"_bbp_voice_count":0,"_bbp_anonymous_reply_count":0,"_bbp_topic_count_hidden":0,"_bbp_reply_count_hidden":0,"_bbp_forum_subforum_count":0,"footnotes":""},"categories":[64,1],"tags":[],"class_list":["post-543","post","type-post","status-publish","format-standard","hentry","category-mitjans","category-general"],"post_mailing_queue_ids":[],"_links":{"self":[{"href":"https:\/\/agora.xtec.cat\/ceipmontanyans\/wp-json\/wp\/v2\/posts\/543","targetHints":{"allow":["GET"]}}],"collection":[{"href":"https:\/\/agora.xtec.cat\/ceipmontanyans\/wp-json\/wp\/v2\/posts"}],"about":[{"href":"https:\/\/agora.xtec.cat\/ceipmontanyans\/wp-json\/wp\/v2\/types\/post"}],"author":[{"embeddable":true,"href":"https:\/\/agora.xtec.cat\/ceipmontanyans\/wp-json\/wp\/v2\/users\/1"}],"replies":[{"embeddable":true,"href":"https:\/\/agora.xtec.cat\/ceipmontanyans\/wp-json\/wp\/v2\/comments?post=543"}],"version-history":[{"count":1,"href":"https:\/\/agora.xtec.cat\/ceipmontanyans\/wp-json\/wp\/v2\/posts\/543\/revisions"}],"predecessor-version":[{"id":1079,"href":"https:\/\/agora.xtec.cat\/ceipmontanyans\/wp-json\/wp\/v2\/posts\/543\/revisions\/1079"}],"wp:attachment":[{"href":"https:\/\/agora.xtec.cat\/ceipmontanyans\/wp-json\/wp\/v2\/media?parent=543"}],"wp:term":[{"taxonomy":"category","embeddable":true,"href":"https:\/\/agora.xtec.cat\/ceipmontanyans\/wp-json\/wp\/v2\/categories?post=543"},{"taxonomy":"post_tag","embeddable":true,"href":"https:\/\/agora.xtec.cat\/ceipmontanyans\/wp-json\/wp\/v2\/tags?post=543"}],"curies":[{"name":"wp","href":"https:\/\/api.w.org\/{rel}","templated":true}]}}