{"id":538,"date":"2019-06-19T15:56:00","date_gmt":"2019-06-19T13:56:00","guid":{"rendered":""},"modified":"2020-03-24T20:06:04","modified_gmt":"2020-03-24T19:06:04","slug":"texto-instructivo","status":"publish","type":"post","link":"https:\/\/agora.xtec.cat\/ceipmontanyans\/general\/texto-instructivo\/","title":{"rendered":"Texto instructivo"},"content":{"rendered":"<p>En la clase de castellano, los de tercero hemos estado trabajando el texto instructivo. Cada uno ha hecho uno diferente y luego hemos podido llevarlo a la pr\u00e1ctica.&nbsp; Aqu\u00ed hay algunos ejemplos:<\/p>\n<p>Primero, la Iris nos ense\u00f1\u00f3 a hacer una manualidad con sal y tizas.<\/p>\n<div style=\"clear: both; text-align: center;\"><\/div>\n<div style=\"clear: both; text-align: center;\"><a href=\"https:\/\/agora.xtec.cat\/ceipmontanyans\/wp-content\/uploads\/usu2034\/2019\/06\/20190610_100047.jpg\" style=\"margin-left: 1em; margin-right: 1em;\"><img loading=\"lazy\" decoding=\"async\" border=\"0\" data-original-height=\"900\" data-original-width=\"1600\" height=\"360\" src=\"https:\/\/agora.xtec.cat\/ceipmontanyans\/wp-content\/uploads\/usu2034\/2019\/06\/20190610_100047-300x169.jpg\" width=\"640\" \/><\/a><\/div>\n<p><\/p>\n<div style=\"clear: both; text-align: center;\"><a href=\"https:\/\/agora.xtec.cat\/ceipmontanyans\/wp-content\/uploads\/usu2034\/2019\/06\/20190610_100146.jpg\" style=\"margin-left: 1em; margin-right: 1em;\"><img loading=\"lazy\" decoding=\"async\" border=\"0\" data-original-height=\"900\" data-original-width=\"1600\" height=\"360\" src=\"https:\/\/agora.xtec.cat\/ceipmontanyans\/wp-content\/uploads\/usu2034\/2019\/06\/20190610_100146-300x169.jpg\" width=\"640\" \/><\/a><\/div>\n<div style=\"clear: both; text-align: center;\"><\/div>\n<div style=\"clear: both; text-align: left;\">Otro d\u00eda la N\u00faria nos ense\u00f1\u00f3 un truco de magia con unas monedas.<\/div>\n<div style=\"clear: both; text-align: left;\"><\/div>\n<div style=\"clear: both; text-align: center;\"><a href=\"https:\/\/agora.xtec.cat\/ceipmontanyans\/wp-content\/uploads\/usu2034\/2019\/06\/20190612_093841.jpg\" style=\"margin-left: 1em; margin-right: 1em;\"><img loading=\"lazy\" decoding=\"async\" border=\"0\" data-original-height=\"900\" data-original-width=\"1600\" height=\"360\" src=\"https:\/\/agora.xtec.cat\/ceipmontanyans\/wp-content\/uploads\/usu2034\/2019\/06\/20190612_093841-300x169.jpg\" width=\"640\" \/><\/a><\/div>\n<p><\/p>\n<div style=\"clear: both; text-align: center;\"><a href=\"https:\/\/agora.xtec.cat\/ceipmontanyans\/wp-content\/uploads\/usu2034\/2019\/06\/20190612_093851.jpg\" style=\"margin-left: 1em; margin-right: 1em;\"><img loading=\"lazy\" decoding=\"async\" border=\"0\" data-original-height=\"900\" data-original-width=\"1600\" height=\"360\" src=\"https:\/\/agora.xtec.cat\/ceipmontanyans\/wp-content\/uploads\/usu2034\/2019\/06\/20190612_093851-300x169.jpg\" width=\"640\" \/><\/a><\/div>\n<div style=\"clear: both; text-align: center;\"><\/div>\n<div style=\"clear: both; text-align: left;\">Por \u00faltimo, el Lluc nos ha ense\u00f1ado a montar una bater\u00eda y nos ha hecho una demostraci\u00f3n de c\u00f3mo se toca.<\/div>\n<div style=\"clear: both; text-align: left;\"><\/div>\n<div style=\"clear: both; text-align: center;\"><a href=\"https:\/\/agora.xtec.cat\/ceipmontanyans\/wp-content\/uploads\/usu2034\/2019\/06\/20190619_094820.jpg\" style=\"margin-left: 1em; margin-right: 1em;\"><img loading=\"lazy\" decoding=\"async\" border=\"0\" data-original-height=\"900\" data-original-width=\"1600\" height=\"360\" src=\"https:\/\/agora.xtec.cat\/ceipmontanyans\/wp-content\/uploads\/usu2034\/2019\/06\/20190619_094820-300x169.jpg\" width=\"640\" \/><\/a><\/div>\n<div style=\"clear: both; text-align: center;\"><object id=\"BLOG_video-1275f26c4809017f\" content width=\"320\" height=\"266\"><\/object><\/div>\n<p><\/p>\n","protected":false},"excerpt":{"rendered":"<p>En la clase de castellano, los de tercero hemos estado trabajando el texto instructivo. Cada uno ha hecho uno diferente y luego hemos podido llevarlo a la pr\u00e1ctica.&nbsp; Aqu\u00ed hay algunos ejemplos:<br \/>\nPrimero, la Iris nos ense\u00f1\u00f3 a hacer una manualidad con sal y tizas.<\/p>\n<p><a href=\"https:\/\/agora.xtec.cat\/ceipmontanyans\/wp-content\/uploads\/usu2034\/2019\/06\/20190610_100047.jpg\"&hellip;  <a href=\"https:\/\/agora.xtec.cat\/ceipmontanyans\/general\/texto-instructivo\/\" title=\"Read Texto instructivo\">Llegeix m\u00e9s\u00bb<\/a><\/p>\n","protected":false},"author":1,"featured_media":1040,"comment_status":"open","ping_status":"closed","sticky":false,"template":"","format":"standard","meta":{"_bbp_topic_count":0,"_bbp_reply_count":0,"_bbp_total_topic_count":0,"_bbp_total_reply_count":0,"_bbp_voice_count":0,"_bbp_anonymous_reply_count":0,"_bbp_topic_count_hidden":0,"_bbp_reply_count_hidden":0,"_bbp_forum_subforum_count":0,"footnotes":""},"categories":[64,1],"tags":[],"class_list":["post-538","post","type-post","status-publish","format-standard","has-post-thumbnail","hentry","category-mitjans","category-general"],"post_mailing_queue_ids":[],"_links":{"self":[{"href":"https:\/\/agora.xtec.cat\/ceipmontanyans\/wp-json\/wp\/v2\/posts\/538","targetHints":{"allow":["GET"]}}],"collection":[{"href":"https:\/\/agora.xtec.cat\/ceipmontanyans\/wp-json\/wp\/v2\/posts"}],"about":[{"href":"https:\/\/agora.xtec.cat\/ceipmontanyans\/wp-json\/wp\/v2\/types\/post"}],"author":[{"embeddable":true,"href":"https:\/\/agora.xtec.cat\/ceipmontanyans\/wp-json\/wp\/v2\/users\/1"}],"replies":[{"embeddable":true,"href":"https:\/\/agora.xtec.cat\/ceipmontanyans\/wp-json\/wp\/v2\/comments?post=538"}],"version-history":[{"count":2,"href":"https:\/\/agora.xtec.cat\/ceipmontanyans\/wp-json\/wp\/v2\/posts\/538\/revisions"}],"predecessor-version":[{"id":1069,"href":"https:\/\/agora.xtec.cat\/ceipmontanyans\/wp-json\/wp\/v2\/posts\/538\/revisions\/1069"}],"wp:featuredmedia":[{"embeddable":true,"href":"https:\/\/agora.xtec.cat\/ceipmontanyans\/wp-json\/wp\/v2\/media\/1040"}],"wp:attachment":[{"href":"https:\/\/agora.xtec.cat\/ceipmontanyans\/wp-json\/wp\/v2\/media?parent=538"}],"wp:term":[{"taxonomy":"category","embeddable":true,"href":"https:\/\/agora.xtec.cat\/ceipmontanyans\/wp-json\/wp\/v2\/categories?post=538"},{"taxonomy":"post_tag","embeddable":true,"href":"https:\/\/agora.xtec.cat\/ceipmontanyans\/wp-json\/wp\/v2\/tags?post=538"}],"curies":[{"name":"wp","href":"https:\/\/api.w.org\/{rel}","templated":true}]}}