{"id":3580,"date":"2020-04-17T21:12:43","date_gmt":"2020-04-17T19:12:43","guid":{"rendered":"https:\/\/agora.xtec.cat\/ceipmontanyans\/?p=3580"},"modified":"2020-05-14T12:34:22","modified_gmt":"2020-05-14T10:34:22","slug":"trobem-figures-geometriques-a-casa","status":"publish","type":"post","link":"https:\/\/agora.xtec.cat\/ceipmontanyans\/primaria\/2n\/trobem-figures-geometriques-a-casa\/","title":{"rendered":"Trobem figures geom\u00e8triques a casa"},"content":{"rendered":"<p>Una de les tasques d&#8217;aquesta setmana per la classe de 2n ha estat buscar diferents objectes a casa i classificar-los segons si s\u00f3n figures planes o amb volum. Despr\u00e9s han posat cartells amb el nom de cada figura. Aqu\u00ed tenim alguns exemples:<\/p>\n\r\n\t<div class=\"slideshow_container slideshow_container_style-light\" style=\"height: 400px; \" data-slideshow-id=\"3582\" data-style-name=\"style-light\" data-style-version=\"2.3.1\" >\r\n\r\n\t\t\t\t\t<div class=\"slideshow_loading_icon\"><\/div>\r\n\t\t\r\n\t\t<div class=\"slideshow_content\" style=\"display: none;\">\r\n\r\n\t\t\t<div class=\"slideshow_view\">\r\n\t\t\t\t<div class=\"slideshow_slide slideshow_slide_image\">\r\n\t\t\t\t\t\t\t\t\t\t\t<img src=\"https:\/\/agora.xtec.cat\/ceipmontanyans\/wp-content\/uploads\/usu2034\/2020\/04\/Ester-Figures-amb-volum_opt.jpg\" alt=\"Ester - Figures amb volum\" width=\"400\" height=\"300\" \/>\r\n\t\t\t\t\t\t\t\t\t\t<div class=\"slideshow_description_box slideshow_transparent\">\r\n\t\t\t\t\t\t<div class=\"slideshow_title\">Ester - Figures amb volum<\/div>\t\t\t\t\t\t\t\t\t\t\t<\/div>\r\n\t\t\t\t<\/div>\r\n\r\n\t\t\t\t\t\t\r\n\t\t\t\t<div class=\"slideshow_slide slideshow_slide_image\">\r\n\t\t\t\t\t\t\t\t\t\t\t<img src=\"https:\/\/agora.xtec.cat\/ceipmontanyans\/wp-content\/uploads\/usu2034\/2020\/04\/Ester-Figures-planes_opt.jpg\" alt=\"Ester - Figures planes\" width=\"400\" height=\"300\" \/>\r\n\t\t\t\t\t\t\t\t\t\t<div class=\"slideshow_description_box slideshow_transparent\">\r\n\t\t\t\t\t\t<div class=\"slideshow_title\">Ester - Figures planes<\/div>\t\t\t\t\t\t\t\t\t\t\t<\/div>\r\n\t\t\t\t<\/div>\r\n\r\n\t\t\t\t\t\t<div style=\"clear: both;\"><\/div><\/div><div class=\"slideshow_view\">\r\n\t\t\t\t<div class=\"slideshow_slide slideshow_slide_image\">\r\n\t\t\t\t\t\t\t\t\t\t\t<img src=\"https:\/\/agora.xtec.cat\/ceipmontanyans\/wp-content\/uploads\/usu2034\/2020\/04\/Jan-Figures-amb-volum_opt.jpg\" alt=\"Jan - Figures amb volum\" width=\"400\" height=\"300\" \/>\r\n\t\t\t\t\t\t\t\t\t\t<div class=\"slideshow_description_box slideshow_transparent\">\r\n\t\t\t\t\t\t<div class=\"slideshow_title\">Jan - Figures amb volum<\/div>\t\t\t\t\t\t\t\t\t\t\t<\/div>\r\n\t\t\t\t<\/div>\r\n\r\n\t\t\t\t\t\t\r\n\t\t\t\t<div class=\"slideshow_slide slideshow_slide_image\">\r\n\t\t\t\t\t\t\t\t\t\t\t<img src=\"https:\/\/agora.xtec.cat\/ceipmontanyans\/wp-content\/uploads\/usu2034\/2020\/04\/Jan-Figures-planes_opt-e1587150904615.jpg\" alt=\"Jan - Figures planes\" width=\"493\" height=\"399\" \/>\r\n\t\t\t\t\t\t\t\t\t\t<div class=\"slideshow_description_box slideshow_transparent\">\r\n\t\t\t\t\t\t<div class=\"slideshow_title\">Jan - Figures planes<\/div>\t\t\t\t\t\t\t\t\t\t\t<\/div>\r\n\t\t\t\t<\/div>\r\n\r\n\t\t\t\t\t\t<div style=\"clear: both;\"><\/div><\/div><div class=\"slideshow_view\">\r\n\t\t\t\t<div class=\"slideshow_slide slideshow_slide_image\">\r\n\t\t\t\t\t\t\t\t\t\t\t<img src=\"https:\/\/agora.xtec.cat\/ceipmontanyans\/wp-content\/uploads\/usu2034\/2020\/04\/Aina-Figures-amb-volum.jpg\" alt=\"Aina - Figures amb volum\" width=\"2064\" height=\"1161\" \/>\r\n\t\t\t\t\t\t\t\t\t\t<div class=\"slideshow_description_box slideshow_transparent\">\r\n\t\t\t\t\t\t<div class=\"slideshow_title\">Aina - Figures amb volum<\/div>\t\t\t\t\t\t\t\t\t\t\t<\/div>\r\n\t\t\t\t<\/div>\r\n\r\n\t\t\t\t\t\t\r\n\t\t\t\t<div class=\"slideshow_slide slideshow_slide_image\">\r\n\t\t\t\t\t\t\t\t\t\t\t<img src=\"https:\/\/agora.xtec.cat\/ceipmontanyans\/wp-content\/uploads\/usu2034\/2020\/04\/Aina-Figures-planes-e1587150929936.jpg\" alt=\"Aina - Figures planes\" width=\"1161\" height=\"1413\" \/>\r\n\t\t\t\t\t\t\t\t\t\t<div class=\"slideshow_description_box slideshow_transparent\">\r\n\t\t\t\t\t\t<div class=\"slideshow_title\">Aina - Figures planes<\/div>\t\t\t\t\t\t\t\t\t\t\t<\/div>\r\n\t\t\t\t<\/div>\r\n\r\n\t\t\t\t\t\t<div style=\"clear: both;\"><\/div><\/div><div class=\"slideshow_view\">\r\n\t\t\t\t<div class=\"slideshow_slide slideshow_slide_image\">\r\n\t\t\t\t\t\t\t\t\t\t\t<img src=\"https:\/\/agora.xtec.cat\/ceipmontanyans\/wp-content\/uploads\/usu2034\/2020\/04\/Vinyet-Figures-amb-volum.jpg\" alt=\"Vinyet - Figures amb volum\" width=\"1448\" height=\"1448\" \/>\r\n\t\t\t\t\t\t\t\t\t\t<div class=\"slideshow_description_box slideshow_transparent\">\r\n\t\t\t\t\t\t<div class=\"slideshow_title\">Vinyet - Figures amb volum<\/div>\t\t\t\t\t\t\t\t\t\t\t<\/div>\r\n\t\t\t\t<\/div>\r\n\r\n\t\t\t\t\t\t\r\n\t\t\t\t<div class=\"slideshow_slide slideshow_slide_image\">\r\n\t\t\t\t\t\t\t\t\t\t\t<img src=\"https:\/\/agora.xtec.cat\/ceipmontanyans\/wp-content\/uploads\/usu2034\/2020\/04\/Vinyet-Figures-planes.jpg\" alt=\"Vinyet - Figures planes\" width=\"2560\" height=\"1920\" \/>\r\n\t\t\t\t\t\t\t\t\t\t<div class=\"slideshow_description_box slideshow_transparent\">\r\n\t\t\t\t\t\t<div class=\"slideshow_title\">Vinyet - Figures planes<\/div>\t\t\t\t\t\t\t\t\t\t\t<\/div>\r\n\t\t\t\t<\/div>\r\n\r\n\t\t\t\t\t\t<div style=\"clear: both;\"><\/div><\/div><div class=\"slideshow_view\">\r\n\t\t\t\t<div class=\"slideshow_slide slideshow_slide_image\">\r\n\t\t\t\t\t\t\t\t\t\t\t<img src=\"https:\/\/agora.xtec.cat\/ceipmontanyans\/wp-content\/uploads\/usu2034\/2020\/04\/J\u00falia-Figures-planes-i-amb-volum-03-e1587555959571.jpg\" alt=\"J\u00falia - Figures planes i amb volum\" width=\"816\" height=\"612\" \/>\r\n\t\t\t\t\t\t\t\t\t\t<div class=\"slideshow_description_box slideshow_transparent\">\r\n\t\t\t\t\t\t<div class=\"slideshow_title\">J\u00falia - Figures planes i amb volum<\/div>\t\t\t\t\t\t\t\t\t\t\t<\/div>\r\n\t\t\t\t<\/div>\r\n\r\n\t\t\t\t\t\t<div style=\"clear: both;\"><\/div><\/div>\r\n\t\t<\/div>\r\n\r\n\t\t<div class=\"slideshow_controlPanel slideshow_transparent\" style=\"display: none;\"><ul><li class=\"slideshow_togglePlay\" data-play-text=\"Visualitza\" data-pause-text=\"Pausa\"><\/li><\/ul><\/div>\r\n\r\n\t\t<div class=\"slideshow_button slideshow_previous slideshow_transparent\" role=\"button\" data-previous-text=\"Anterior\" style=\"display: none;\"><\/div>\r\n\t\t<div class=\"slideshow_button slideshow_next slideshow_transparent\" role=\"button\" data-next-text=\"Seg\u00fcent\" style=\"display: none;\"><\/div>\r\n\r\n\t\t<div class=\"slideshow_pagination\" style=\"display: none;\" data-go-to-text=\"V\u00e9s a la diapositiva\"><div class=\"slideshow_pagination_center\"><\/div><\/div>\r\n\r\n\t\t<!-- WordPress Slideshow Version 2.3.1 -->\r\n\r\n\t\t\t<\/div>\r\n\r\n\n","protected":false},"excerpt":{"rendered":"<p>Classifiquem les figures segons si son planes o amb volum. &hellip;  <a href=\"https:\/\/agora.xtec.cat\/ceipmontanyans\/primaria\/2n\/trobem-figures-geometriques-a-casa\/\" title=\"Read Trobem figures geom\u00e8triques a casa\">Llegeix m\u00e9s\u00bb<\/a><\/p>\n","protected":false},"author":1,"featured_media":3590,"comment_status":"open","ping_status":"closed","sticky":false,"template":"","format":"standard","meta":{"_bbp_topic_count":0,"_bbp_reply_count":0,"_bbp_total_topic_count":0,"_bbp_total_reply_count":0,"_bbp_voice_count":0,"_bbp_anonymous_reply_count":0,"_bbp_topic_count_hidden":0,"_bbp_reply_count_hidden":0,"_bbp_forum_subforum_count":0,"footnotes":""},"categories":[11,64],"tags":[93,97,88],"class_list":["post-3580","post","type-post","status-publish","format-standard","has-post-thumbnail","hentry","category-2n","category-mitjans","tag-2n","tag-geometria","tag-matematiques"],"post_mailing_queue_ids":[],"_links":{"self":[{"href":"https:\/\/agora.xtec.cat\/ceipmontanyans\/wp-json\/wp\/v2\/posts\/3580","targetHints":{"allow":["GET"]}}],"collection":[{"href":"https:\/\/agora.xtec.cat\/ceipmontanyans\/wp-json\/wp\/v2\/posts"}],"about":[{"href":"https:\/\/agora.xtec.cat\/ceipmontanyans\/wp-json\/wp\/v2\/types\/post"}],"author":[{"embeddable":true,"href":"https:\/\/agora.xtec.cat\/ceipmontanyans\/wp-json\/wp\/v2\/users\/1"}],"replies":[{"embeddable":true,"href":"https:\/\/agora.xtec.cat\/ceipmontanyans\/wp-json\/wp\/v2\/comments?post=3580"}],"version-history":[{"count":3,"href":"https:\/\/agora.xtec.cat\/ceipmontanyans\/wp-json\/wp\/v2\/posts\/3580\/revisions"}],"predecessor-version":[{"id":3591,"href":"https:\/\/agora.xtec.cat\/ceipmontanyans\/wp-json\/wp\/v2\/posts\/3580\/revisions\/3591"}],"wp:featuredmedia":[{"embeddable":true,"href":"https:\/\/agora.xtec.cat\/ceipmontanyans\/wp-json\/wp\/v2\/media\/3590"}],"wp:attachment":[{"href":"https:\/\/agora.xtec.cat\/ceipmontanyans\/wp-json\/wp\/v2\/media?parent=3580"}],"wp:term":[{"taxonomy":"category","embeddable":true,"href":"https:\/\/agora.xtec.cat\/ceipmontanyans\/wp-json\/wp\/v2\/categories?post=3580"},{"taxonomy":"post_tag","embeddable":true,"href":"https:\/\/agora.xtec.cat\/ceipmontanyans\/wp-json\/wp\/v2\/tags?post=3580"}],"curies":[{"name":"wp","href":"https:\/\/api.w.org\/{rel}","templated":true}]}}