{"id":3168,"date":"2020-04-10T14:00:13","date_gmt":"2020-04-10T12:00:13","guid":{"rendered":"https:\/\/agora.xtec.cat\/ceipmontanyans\/?p=3168"},"modified":"2020-04-10T14:01:52","modified_gmt":"2020-04-10T12:01:52","slug":"les-families-del-montanyans","status":"publish","type":"post","link":"https:\/\/agora.xtec.cat\/ceipmontanyans\/general\/les-families-del-montanyans\/","title":{"rendered":"Les fam\u00edlies del Montanyans&#8230;"},"content":{"rendered":"<p>Aquest mat\u00ed ens hem llevat tots i totes amb una gran sorpresa&#8230; quina emoci\u00f3 veure les vostres mirades somrients en aquest v\u00eddeo tan especial, fet i pensat per a tots els que formem part d&#8217;aquesta petita-gran escola: l&#8217;Escola Montanyans!<\/p>\n<p>\u2665\u2665\u2665Moltes gr\u00e0cies fam\u00edlies, sou molt i molt grans!!\u2665\u2665\u2665<br \/>\n<iframe loading=\"lazy\" src=\"\/\/www.youtube.com\/embed\/ZtJvQR5xLxg\" width=\"560\" height=\"315\" frameborder=\"0\"><\/iframe><\/p>\n","protected":false},"excerpt":{"rendered":"<p>Aquest mat\u00ed ens hem llevat tots i totes amb una gran sorpresa&#8230; quina emoci\u00f3 veure les vostres mirades somrients en aquest v\u00eddeo tan especial, fet i pensat per a tots els que formem part d&#8217;aquesta petita-gran escola: l&#8217;Escola Montanyans!<br \/>\n\u2665\u2665\u2665Moltes gr\u00e0cies fam\u00edlies, sou molt i molt&hellip;  <a href=\"https:\/\/agora.xtec.cat\/ceipmontanyans\/general\/les-families-del-montanyans\/\" title=\"Read Les fam\u00edlies del Montanyans&#8230;\">Llegeix m\u00e9s\u00bb<\/a><\/p>\n","protected":false},"author":1,"featured_media":3170,"comment_status":"open","ping_status":"closed","sticky":false,"template":"","format":"standard","meta":{"_bbp_topic_count":0,"_bbp_reply_count":0,"_bbp_total_topic_count":0,"_bbp_total_reply_count":0,"_bbp_voice_count":0,"_bbp_anonymous_reply_count":0,"_bbp_topic_count_hidden":0,"_bbp_reply_count_hidden":0,"_bbp_forum_subforum_count":0,"footnotes":""},"categories":[1,4],"tags":[],"class_list":["post-3168","post","type-post","status-publish","format-standard","has-post-thumbnail","hentry","category-general","category-portada"],"post_mailing_queue_ids":[],"_links":{"self":[{"href":"https:\/\/agora.xtec.cat\/ceipmontanyans\/wp-json\/wp\/v2\/posts\/3168","targetHints":{"allow":["GET"]}}],"collection":[{"href":"https:\/\/agora.xtec.cat\/ceipmontanyans\/wp-json\/wp\/v2\/posts"}],"about":[{"href":"https:\/\/agora.xtec.cat\/ceipmontanyans\/wp-json\/wp\/v2\/types\/post"}],"author":[{"embeddable":true,"href":"https:\/\/agora.xtec.cat\/ceipmontanyans\/wp-json\/wp\/v2\/users\/1"}],"replies":[{"embeddable":true,"href":"https:\/\/agora.xtec.cat\/ceipmontanyans\/wp-json\/wp\/v2\/comments?post=3168"}],"version-history":[{"count":1,"href":"https:\/\/agora.xtec.cat\/ceipmontanyans\/wp-json\/wp\/v2\/posts\/3168\/revisions"}],"predecessor-version":[{"id":3169,"href":"https:\/\/agora.xtec.cat\/ceipmontanyans\/wp-json\/wp\/v2\/posts\/3168\/revisions\/3169"}],"wp:featuredmedia":[{"embeddable":true,"href":"https:\/\/agora.xtec.cat\/ceipmontanyans\/wp-json\/wp\/v2\/media\/3170"}],"wp:attachment":[{"href":"https:\/\/agora.xtec.cat\/ceipmontanyans\/wp-json\/wp\/v2\/media?parent=3168"}],"wp:term":[{"taxonomy":"category","embeddable":true,"href":"https:\/\/agora.xtec.cat\/ceipmontanyans\/wp-json\/wp\/v2\/categories?post=3168"},{"taxonomy":"post_tag","embeddable":true,"href":"https:\/\/agora.xtec.cat\/ceipmontanyans\/wp-json\/wp\/v2\/tags?post=3168"}],"curies":[{"name":"wp","href":"https:\/\/api.w.org\/{rel}","templated":true}]}}