{"id":2776,"date":"2019-01-23T12:29:00","date_gmt":"2019-01-23T11:29:00","guid":{"rendered":""},"modified":"2020-03-27T18:19:57","modified_gmt":"2020-03-27T17:19:57","slug":"som-emprenedors","status":"publish","type":"post","link":"https:\/\/agora.xtec.cat\/ceipmontanyans\/general\/som-emprenedors\/","title":{"rendered":"Som emprenedors !!!"},"content":{"rendered":"<p>Hola families dels nens i nenes de l&#8217;escola Montanyans!! Els alumnes de 4rt i 5\u00e8 estem decidits a emprendre una cooperativa amb l&#8217;objectiu de reunir diners per tal de cobrir les despeses del la nostra sortida de col\u00f2nies del proper curs 2019-2020. A m\u00e9s m\u00e9s, aquest curs amb els beneficis de la nostra cooperativa farem una donaci\u00f3 del 25% a una ONG.<\/p>\n<p>A COOPEM en sentim amb for\u00e7a per emprendre aquesta significativa tasca i&nbsp; de fer una gran treball en equip.<\/p>\n<p>D&#8217;ara en davant des de COOPEM us anirem informant de com anem donant forma a la nostra cooperativa.<\/p>\n<p>Salutacions a tothom.<\/p>\n<p><\/p>\n","protected":false},"excerpt":{"rendered":"<p>Hola families dels nens i nenes de l&#8217;escola Montanyans!! Els alumnes de 4rt i 5\u00e8 estem decidits a emprendre una cooperativa amb l&#8217;objectiu de reunir diners per tal de cobrir les despeses del la nostra sortida de col\u00f2nies del proper curs 2019-2020. A m\u00e9s m\u00e9s,&hellip;  <a href=\"https:\/\/agora.xtec.cat\/ceipmontanyans\/general\/som-emprenedors\/\" title=\"Read Som emprenedors !!!\">Llegeix m\u00e9s\u00bb<\/a><\/p>\n","protected":false},"author":1,"featured_media":0,"comment_status":"open","ping_status":"closed","sticky":false,"template":"","format":"standard","meta":{"_bbp_topic_count":0,"_bbp_reply_count":0,"_bbp_total_topic_count":0,"_bbp_total_reply_count":0,"_bbp_voice_count":0,"_bbp_anonymous_reply_count":0,"_bbp_topic_count_hidden":0,"_bbp_reply_count_hidden":0,"_bbp_forum_subforum_count":0,"footnotes":""},"categories":[67,1],"tags":[],"class_list":["post-2776","post","type-post","status-publish","format-standard","hentry","category-coopem","category-general"],"post_mailing_queue_ids":[],"_links":{"self":[{"href":"https:\/\/agora.xtec.cat\/ceipmontanyans\/wp-json\/wp\/v2\/posts\/2776","targetHints":{"allow":["GET"]}}],"collection":[{"href":"https:\/\/agora.xtec.cat\/ceipmontanyans\/wp-json\/wp\/v2\/posts"}],"about":[{"href":"https:\/\/agora.xtec.cat\/ceipmontanyans\/wp-json\/wp\/v2\/types\/post"}],"author":[{"embeddable":true,"href":"https:\/\/agora.xtec.cat\/ceipmontanyans\/wp-json\/wp\/v2\/users\/1"}],"replies":[{"embeddable":true,"href":"https:\/\/agora.xtec.cat\/ceipmontanyans\/wp-json\/wp\/v2\/comments?post=2776"}],"version-history":[{"count":1,"href":"https:\/\/agora.xtec.cat\/ceipmontanyans\/wp-json\/wp\/v2\/posts\/2776\/revisions"}],"predecessor-version":[{"id":2817,"href":"https:\/\/agora.xtec.cat\/ceipmontanyans\/wp-json\/wp\/v2\/posts\/2776\/revisions\/2817"}],"wp:attachment":[{"href":"https:\/\/agora.xtec.cat\/ceipmontanyans\/wp-json\/wp\/v2\/media?parent=2776"}],"wp:term":[{"taxonomy":"category","embeddable":true,"href":"https:\/\/agora.xtec.cat\/ceipmontanyans\/wp-json\/wp\/v2\/categories?post=2776"},{"taxonomy":"post_tag","embeddable":true,"href":"https:\/\/agora.xtec.cat\/ceipmontanyans\/wp-json\/wp\/v2\/tags?post=2776"}],"curies":[{"name":"wp","href":"https:\/\/api.w.org\/{rel}","templated":true}]}}