{"id":2775,"date":"2019-01-28T09:39:00","date_gmt":"2019-01-28T08:39:00","guid":{"rendered":""},"modified":"2020-03-27T18:19:57","modified_gmt":"2020-03-27T17:19:57","slug":"que-son-les-qualitats-dun-emprenedor-a","status":"publish","type":"post","link":"https:\/\/agora.xtec.cat\/ceipmontanyans\/general\/que-son-les-qualitats-dun-emprenedor-a\/","title":{"rendered":"QU\u00c8 S\u00d3N LES QUALITATS D&#8217;UN EMPRENEDOR\/A?"},"content":{"rendered":"<p>Primer vam comen\u00e7ar a fer un puzzle per descobrir quines qualitats havia de tenir els\/les emprenedors\/es de la cooperativa: curiositat, iniciativa, comunicaci\u00f3, responsabilitat, creativitat, planificaci\u00f3, treball en equip, autoestima i soluci\u00f3 de problemes i presa de decisions.<\/p>\n<div style=\"-webkit-text-stroke-width: 0px; background-color: transparent; box-sizing: border-box; color: #333333; font-family: &amp;quot; font-size: 14px; font-style: normal; font-variant: normal; font-weight: 400; letter-spacing: normal; orphans: 2; text-align: left; text-decoration: none; text-indent: 0px; text-transform: none; white-space: normal; word-spacing: 0px;\"><b><span style=\"color: #006005;\"><\/span><\/b><\/div>\n<p>Seguidament vam fer una fitxa on ten\u00edem que valorar-nos i explicar quines qualitats pod\u00edem donar com a emprenedors\/es i despr\u00e9s ho vam escriure a un p\u00f3ster de la&nbsp; nostra cooperativa. Ara sabem que tenim moltes coses en com\u00fa i que podem aconseguir tot el que ens proposem si fem una bona cohesi\u00f3 entre tots.<\/p>\n<div style=\"clear: both; text-align: center;\"><a href=\"https:\/\/agora.xtec.cat\/ceipmontanyans\/wp-content\/uploads\/usu2034\/2019\/01\/qualitats.jpg\" style=\"margin-left: 1em; margin-right: 1em;\"><img loading=\"lazy\" decoding=\"async\" border=\"0\" data-original-height=\"645\" data-original-width=\"1600\" height=\"256\" src=\"https:\/\/agora.xtec.cat\/ceipmontanyans\/wp-content\/uploads\/usu2034\/2019\/01\/qualitats-300x121.jpg\" width=\"640\" \/><\/a><\/div>\n<p><\/p>\n","protected":false},"excerpt":{"rendered":"<p>Primer vam comen\u00e7ar a fer un puzzle per descobrir quines qualitats havia de tenir els\/les emprenedors\/es de la cooperativa: curiositat, iniciativa, comunicaci\u00f3, responsabilitat, creativitat, planificaci\u00f3, treball en equip, autoestima i soluci\u00f3 de problemes i presa de decisions.<\/p>\n<p>Seguidament vam fer una fitxa on ten\u00edem que valorar-nos&hellip;  <a href=\"https:\/\/agora.xtec.cat\/ceipmontanyans\/general\/que-son-les-qualitats-dun-emprenedor-a\/\" title=\"Read QU\u00c8 S\u00d3N LES QUALITATS D&#8217;UN EMPRENEDOR\/A?\">Llegeix m\u00e9s\u00bb<\/a><\/p>\n","protected":false},"author":1,"featured_media":2815,"comment_status":"open","ping_status":"closed","sticky":false,"template":"","format":"standard","meta":{"_bbp_topic_count":0,"_bbp_reply_count":0,"_bbp_total_topic_count":0,"_bbp_total_reply_count":0,"_bbp_voice_count":0,"_bbp_anonymous_reply_count":0,"_bbp_topic_count_hidden":0,"_bbp_reply_count_hidden":0,"_bbp_forum_subforum_count":0,"footnotes":""},"categories":[67,1],"tags":[],"class_list":["post-2775","post","type-post","status-publish","format-standard","has-post-thumbnail","hentry","category-coopem","category-general"],"post_mailing_queue_ids":[],"_links":{"self":[{"href":"https:\/\/agora.xtec.cat\/ceipmontanyans\/wp-json\/wp\/v2\/posts\/2775","targetHints":{"allow":["GET"]}}],"collection":[{"href":"https:\/\/agora.xtec.cat\/ceipmontanyans\/wp-json\/wp\/v2\/posts"}],"about":[{"href":"https:\/\/agora.xtec.cat\/ceipmontanyans\/wp-json\/wp\/v2\/types\/post"}],"author":[{"embeddable":true,"href":"https:\/\/agora.xtec.cat\/ceipmontanyans\/wp-json\/wp\/v2\/users\/1"}],"replies":[{"embeddable":true,"href":"https:\/\/agora.xtec.cat\/ceipmontanyans\/wp-json\/wp\/v2\/comments?post=2775"}],"version-history":[{"count":2,"href":"https:\/\/agora.xtec.cat\/ceipmontanyans\/wp-json\/wp\/v2\/posts\/2775\/revisions"}],"predecessor-version":[{"id":2832,"href":"https:\/\/agora.xtec.cat\/ceipmontanyans\/wp-json\/wp\/v2\/posts\/2775\/revisions\/2832"}],"wp:featuredmedia":[{"embeddable":true,"href":"https:\/\/agora.xtec.cat\/ceipmontanyans\/wp-json\/wp\/v2\/media\/2815"}],"wp:attachment":[{"href":"https:\/\/agora.xtec.cat\/ceipmontanyans\/wp-json\/wp\/v2\/media?parent=2775"}],"wp:term":[{"taxonomy":"category","embeddable":true,"href":"https:\/\/agora.xtec.cat\/ceipmontanyans\/wp-json\/wp\/v2\/categories?post=2775"},{"taxonomy":"post_tag","embeddable":true,"href":"https:\/\/agora.xtec.cat\/ceipmontanyans\/wp-json\/wp\/v2\/tags?post=2775"}],"curies":[{"name":"wp","href":"https:\/\/api.w.org\/{rel}","templated":true}]}}