{"id":2770,"date":"2019-03-13T12:17:00","date_gmt":"2019-03-13T11:17:00","guid":{"rendered":""},"modified":"2020-03-27T18:19:56","modified_gmt":"2020-03-27T17:19:56","slug":"fitxa-de-registre-de-socis","status":"publish","type":"post","link":"https:\/\/agora.xtec.cat\/ceipmontanyans\/general\/fitxa-de-registre-de-socis\/","title":{"rendered":"Fitxa de registre de Socis"},"content":{"rendered":"<p><\/p>\n<div style=\"text-align: center;\"><\/div>\n<div style=\"text-align: left;\"><span style=\"line-height: 115%;\">Per tenir la informaci\u00f3 detallada de cada s\u00f2ci\/a vam crear una fitxa de registre de cadasc\u00fa. All\u00e0 vam haver d&#8217;escriure les seg\u00fcents dades:<o:p><\/o:p><\/span><\/div>\n<div style=\"text-align: left;\"><span style=\"line-height: 115%;\"><br \/><\/span><\/div>\n<div style=\"text-align: left; text-indent: -18pt;\"><!--[if !supportLists]--><span style=\"line-height: 115%;\"><span style=\"mso-list: Ignore;\">&#8211;<span style=\"font-family: &quot;Times New Roman&quot;; font-stretch: normal; font-style: normal; font-variant: normal; font-weight: normal; line-height: normal;\">&nbsp;&nbsp;&nbsp;&nbsp;&nbsp;&nbsp;&nbsp;&nbsp; <\/span><\/span><\/span><!--[endif]--><span style=\"line-height: 115%;\">Nom i cognom del soci<o:p><\/o:p><\/span><\/div>\n<div style=\"text-align: left; text-indent: -18pt;\"><!--[if !supportLists]--><span style=\"line-height: 115%;\"><span style=\"mso-list: Ignore;\">&#8211;<span style=\"font-family: &quot;Times New Roman&quot;; font-stretch: normal; font-style: normal; font-variant: normal; font-weight: normal; line-height: normal;\">&nbsp;&nbsp;&nbsp;&nbsp;&nbsp;&nbsp;&nbsp;&nbsp; <\/span><\/span><\/span><!--[endif]--><span style=\"line-height: 115%;\">Lloc i data de naixement <o:p><\/o:p><\/span><\/div>\n<div style=\"text-align: left; text-indent: -18pt;\"><!--[if !supportLists]--><span style=\"line-height: 115%;\"><span style=\"mso-list: Ignore;\">&#8211;<span style=\"font-family: &quot;Times New Roman&quot;; font-stretch: normal; font-style: normal; font-variant: normal; font-weight: normal; line-height: normal;\">&nbsp;&nbsp;&nbsp;&nbsp;&nbsp;&nbsp;&nbsp;&nbsp; <\/span><\/span><\/span><!--[endif]--><span style=\"line-height: 115%;\">Domicili <o:p><\/o:p><\/span><\/div>\n<div style=\"text-align: left; text-indent: -18pt;\"><!--[if !supportLists]--><span style=\"line-height: 115%;\"><span style=\"mso-list: Ignore;\">&#8211;<span style=\"font-family: &quot;Times New Roman&quot;; font-stretch: normal; font-style: normal; font-variant: normal; font-weight: normal; line-height: normal;\">&nbsp;&nbsp;&nbsp;&nbsp;&nbsp;&nbsp;&nbsp;&nbsp; <\/span><\/span><\/span><!--[endif]--><span style=\"line-height: 115%;\">Qualitats que tenim per ser un bon emprenedor<\/span><\/div>\n<div style=\"text-align: left; text-indent: -18pt;\"><span style=\"text-indent: -18pt;\">&#8211;&nbsp; &nbsp; &nbsp; &nbsp; &nbsp;Fotografia<\/span><\/div>\n<div style=\"text-align: left; text-indent: -18pt;\"><span style=\"line-height: 115%; text-align: center; text-indent: -18pt;\"><span style=\"font-stretch: normal; font-variant-east-asian: normal; font-variant-numeric: normal; line-height: normal;\">&nbsp; &nbsp; &nbsp; &nbsp; &nbsp; &nbsp;Dos<\/span><\/span><span style=\"line-height: 115%; text-align: center; text-indent: -18pt;\">&nbsp;Preguntes per reflexionar sobre que pensem de la cooperativa.<\/span><\/div>\n<div style=\"text-align: left; text-indent: -18pt;\"><span style=\"line-height: 115%; text-align: center; text-indent: -18pt;\"><br \/><\/span><\/div>\n<div><span style=\"line-height: 115%;\">Ara tenim totes les fitxes guardades a l\u2019aula per tal de tenir-les en els moments oport\u00fa.<o:p><\/o:p><\/span><\/div>\n<p><\/p>\n","protected":false},"excerpt":{"rendered":"<p>Per tenir la informaci\u00f3 detallada de cada s\u00f2ci\/a vam crear una fitxa de registre de cadasc\u00fa. All\u00e0 vam haver d&#8217;escriure les seg\u00fcents dades:<\/p>\n<p>&#8211;&nbsp;&nbsp;&nbsp;&nbsp;&nbsp;&nbsp;&nbsp;&nbsp; Nom i cognom del soci<br \/>\n&#8211;&nbsp;&nbsp;&nbsp;&nbsp;&nbsp;&nbsp;&nbsp;&nbsp; Lloc i data de naixement<br \/>\n&#8211;&nbsp;&nbsp;&nbsp;&nbsp;&nbsp;&nbsp;&nbsp;&nbsp; Domicili<br \/>\n&#8211;&nbsp;&nbsp;&nbsp;&nbsp;&nbsp;&nbsp;&nbsp;&nbsp; Qualitats que tenim per ser un bon emprenedor<br \/>\n&#8211;&nbsp; &nbsp;&hellip;  <a href=\"https:\/\/agora.xtec.cat\/ceipmontanyans\/general\/fitxa-de-registre-de-socis\/\" title=\"Read Fitxa de registre de Socis\">Llegeix m\u00e9s\u00bb<\/a><\/p>\n","protected":false},"author":1,"featured_media":0,"comment_status":"open","ping_status":"closed","sticky":false,"template":"","format":"standard","meta":{"_bbp_topic_count":0,"_bbp_reply_count":0,"_bbp_total_topic_count":0,"_bbp_total_reply_count":0,"_bbp_voice_count":0,"_bbp_anonymous_reply_count":0,"_bbp_topic_count_hidden":0,"_bbp_reply_count_hidden":0,"_bbp_forum_subforum_count":0,"footnotes":""},"categories":[67,1],"tags":[],"class_list":["post-2770","post","type-post","status-publish","format-standard","hentry","category-coopem","category-general"],"post_mailing_queue_ids":[],"_links":{"self":[{"href":"https:\/\/agora.xtec.cat\/ceipmontanyans\/wp-json\/wp\/v2\/posts\/2770","targetHints":{"allow":["GET"]}}],"collection":[{"href":"https:\/\/agora.xtec.cat\/ceipmontanyans\/wp-json\/wp\/v2\/posts"}],"about":[{"href":"https:\/\/agora.xtec.cat\/ceipmontanyans\/wp-json\/wp\/v2\/types\/post"}],"author":[{"embeddable":true,"href":"https:\/\/agora.xtec.cat\/ceipmontanyans\/wp-json\/wp\/v2\/users\/1"}],"replies":[{"embeddable":true,"href":"https:\/\/agora.xtec.cat\/ceipmontanyans\/wp-json\/wp\/v2\/comments?post=2770"}],"version-history":[{"count":1,"href":"https:\/\/agora.xtec.cat\/ceipmontanyans\/wp-json\/wp\/v2\/posts\/2770\/revisions"}],"predecessor-version":[{"id":2806,"href":"https:\/\/agora.xtec.cat\/ceipmontanyans\/wp-json\/wp\/v2\/posts\/2770\/revisions\/2806"}],"wp:attachment":[{"href":"https:\/\/agora.xtec.cat\/ceipmontanyans\/wp-json\/wp\/v2\/media?parent=2770"}],"wp:term":[{"taxonomy":"category","embeddable":true,"href":"https:\/\/agora.xtec.cat\/ceipmontanyans\/wp-json\/wp\/v2\/categories?post=2770"},{"taxonomy":"post_tag","embeddable":true,"href":"https:\/\/agora.xtec.cat\/ceipmontanyans\/wp-json\/wp\/v2\/tags?post=2770"}],"curies":[{"name":"wp","href":"https:\/\/api.w.org\/{rel}","templated":true}]}}