{"id":2769,"date":"2019-03-26T12:14:00","date_gmt":"2019-03-26T11:14:00","guid":{"rendered":""},"modified":"2020-03-27T18:19:37","modified_gmt":"2020-03-27T17:19:37","slug":"acta-de-constitucio-a-lajuntament","status":"publish","type":"post","link":"https:\/\/agora.xtec.cat\/ceipmontanyans\/general\/acta-de-constitucio-a-lajuntament\/","title":{"rendered":"Acta de Constituci\u00f3 a l&#8217;Ajuntament"},"content":{"rendered":"<p><\/p>\n<div style=\"text-align: left;\"><span style=\"font-size: 14.0pt; line-height: 115%;\">El passat mes de desembre vam anar a l\u2019ajuntament per donar d\u2019alta l\u2019acta de constituci\u00f3 de la nostra cooperativa. All\u00e0 vam tenir una conversaci\u00f3 amb l\u2019alcalde del municipi de Castellet i la Gornal; Miguel Delgado. Ell ens va preguntar diferent informaci\u00f3 sobre la nostra cooperativa i ens va explicar els requisits que necessit\u00e0vem per tirar endavant<span style=\"mso-spacerun: yes;\">&nbsp; <\/span>el nostre projecte. Un cop establerta aquesta xerrada vam entregar la inst\u00e0ncia al departament de registre. Seguidament ens van respondre atorgant el n\u00famero E2018002632 del registre general de l\u2019Ajuntament i entregant el n\u00famero d\u2019identificaci\u00f3 fiscal de l\u2019empresa. Aix\u00ed doncs a partir del 4 de desembre la cooperativa COOPEM ja est\u00e0 legalitzada. <span style=\"mso-spacerun: yes;\">&nbsp;<\/span><o:p><\/o:p><\/span><\/div>\n<div style=\"text-align: left;\"><\/div>\n","protected":false},"excerpt":{"rendered":"<p>El passat mes de desembre vam anar a l\u2019ajuntament per donar d\u2019alta l\u2019acta de constituci\u00f3 de la nostra cooperativa. All\u00e0 vam tenir una conversaci\u00f3 amb l\u2019alcalde del municipi de Castellet i la Gornal; Miguel Delgado. Ell ens va preguntar diferent informaci\u00f3 sobre la nostra cooperativa&hellip;  <a href=\"https:\/\/agora.xtec.cat\/ceipmontanyans\/general\/acta-de-constitucio-a-lajuntament\/\" title=\"Read Acta de Constituci\u00f3 a l&#8217;Ajuntament\">Llegeix m\u00e9s\u00bb<\/a><\/p>\n","protected":false},"author":1,"featured_media":0,"comment_status":"open","ping_status":"closed","sticky":false,"template":"","format":"standard","meta":{"_bbp_topic_count":0,"_bbp_reply_count":0,"_bbp_total_topic_count":0,"_bbp_total_reply_count":0,"_bbp_voice_count":0,"_bbp_anonymous_reply_count":0,"_bbp_topic_count_hidden":0,"_bbp_reply_count_hidden":0,"_bbp_forum_subforum_count":0,"footnotes":""},"categories":[67,1],"tags":[],"class_list":["post-2769","post","type-post","status-publish","format-standard","hentry","category-coopem","category-general"],"post_mailing_queue_ids":[],"_links":{"self":[{"href":"https:\/\/agora.xtec.cat\/ceipmontanyans\/wp-json\/wp\/v2\/posts\/2769","targetHints":{"allow":["GET"]}}],"collection":[{"href":"https:\/\/agora.xtec.cat\/ceipmontanyans\/wp-json\/wp\/v2\/posts"}],"about":[{"href":"https:\/\/agora.xtec.cat\/ceipmontanyans\/wp-json\/wp\/v2\/types\/post"}],"author":[{"embeddable":true,"href":"https:\/\/agora.xtec.cat\/ceipmontanyans\/wp-json\/wp\/v2\/users\/1"}],"replies":[{"embeddable":true,"href":"https:\/\/agora.xtec.cat\/ceipmontanyans\/wp-json\/wp\/v2\/comments?post=2769"}],"version-history":[{"count":1,"href":"https:\/\/agora.xtec.cat\/ceipmontanyans\/wp-json\/wp\/v2\/posts\/2769\/revisions"}],"predecessor-version":[{"id":2805,"href":"https:\/\/agora.xtec.cat\/ceipmontanyans\/wp-json\/wp\/v2\/posts\/2769\/revisions\/2805"}],"wp:attachment":[{"href":"https:\/\/agora.xtec.cat\/ceipmontanyans\/wp-json\/wp\/v2\/media?parent=2769"}],"wp:term":[{"taxonomy":"category","embeddable":true,"href":"https:\/\/agora.xtec.cat\/ceipmontanyans\/wp-json\/wp\/v2\/categories?post=2769"},{"taxonomy":"post_tag","embeddable":true,"href":"https:\/\/agora.xtec.cat\/ceipmontanyans\/wp-json\/wp\/v2\/tags?post=2769"}],"curies":[{"name":"wp","href":"https:\/\/api.w.org\/{rel}","templated":true}]}}