{"id":2768,"date":"2019-03-27T13:08:00","date_gmt":"2019-03-27T12:08:00","guid":{"rendered":""},"modified":"2020-03-27T18:19:37","modified_gmt":"2020-03-27T17:19:37","slug":"decidim-ong","status":"publish","type":"post","link":"https:\/\/agora.xtec.cat\/ceipmontanyans\/general\/decidim-ong\/","title":{"rendered":"Decidim ONG"},"content":{"rendered":"<p><\/p>\n<div style=\"margin: 0cm 0cm 10pt; tab-stops: 184.75pt;\"><span lang=\"CA\" style=\"line-height: 115%; mso-ansi-language: CA; mso-bidi-font-size: 48.0pt;\"><span style=\"font-family: &quot;times&quot; , &quot;times new roman&quot; , serif;\">El passat de febrer cada nen i nena va buscar una ONG a la que donar\u00edem un 25% del diners que guanyarem a la Fira Medieval de Castellet. Cada alumne va proposar una ONG diferent com ara, Sant Joan de D\u00e9u, Pallapupes, Cram, Vall d\u2019Hebron&#8230; <\/span><\/span><\/div>\n<p><span style=\"font-family: &quot;times&quot; , &quot;times new roman&quot; , serif;\"><\/span><\/p>\n<div style=\"margin: 0cm 0cm 10pt; tab-stops: 184.75pt;\"><span lang=\"CA\" style=\"line-height: 115%; mso-ansi-language: CA; mso-bidi-font-size: 48.0pt;\"><span style=\"font-family: &quot;times&quot; , &quot;times new roman&quot; , serif;\">A l\u2019arribar a l\u2019aula vam veure v\u00eddeos de cada ONG per tal de con\u00e8ixer la seva missi\u00f3 i l\u2019ajuda que realitzen.<\/span><\/span><\/div>\n<p><span style=\"font-family: &quot;times&quot; , &quot;times new roman&quot; , serif;\"><\/span><\/p>\n<div style=\"clear: both; text-align: center;\"><a href=\"https:\/\/agora.xtec.cat\/ceipmontanyans\/wp-content\/uploads\/usu2034\/2019\/03\/logo-cram-certificado-donacion.jpg\" style=\"clear: left; float: left; margin-bottom: 1em; margin-right: 1em;\"><img loading=\"lazy\" decoding=\"async\" border=\"0\" data-original-height=\"919\" data-original-width=\"1327\" height=\"221\" src=\"https:\/\/agora.xtec.cat\/ceipmontanyans\/wp-content\/uploads\/usu2034\/2019\/03\/logo-cram-certificado-donacion-300x208.jpg\" width=\"320\" \/><\/a><\/div>\n<div style=\"border-image: none; margin: 0cm 0cm 10pt; tab-stops: 184.75pt;\"><span lang=\"CA\" style=\"line-height: 115%; mso-ansi-language: CA; mso-bidi-font-size: 48.0pt;\"><span style=\"font-family: &quot;times&quot; , &quot;times new roman&quot; , serif;\">Al finalitzar les visualitzacions vam votar, quedant finalistes.<\/span><\/span><\/div>\n<p><span style=\"font-family: &quot;times&quot; , &quot;times new roman&quot; , serif;\"><\/span><\/p>\n<div style=\"border-image: none; margin: 0cm 0cm 10pt; tab-stops: 184.75pt;\"><span lang=\"CA\" style=\"line-height: 115%; mso-ansi-language: CA; mso-bidi-font-size: 48.0pt;\"><span style=\"font-family: &quot;times&quot; , &quot;times new roman&quot; , serif;\">-CRAM: El qual es dedica a curar animals marins.<\/span><\/span><\/div>\n<p><span style=\"font-family: &quot;times&quot; , &quot;times new roman&quot; , serif;\"><\/span><\/p>\n<div style=\"border-image: none; margin: 0cm 0cm 10pt; tab-stops: 184.75pt;\"><span lang=\"CA\" style=\"line-height: 115%; mso-ansi-language: CA; mso-bidi-font-size: 48.0pt;\"><span style=\"font-family: &quot;times&quot; , &quot;times new roman&quot; , serif;\">-San Joan de D\u00e9u: Investiga sobre el c\u00e0ncer als m\u00e9s petits.<\/span><\/span><\/div>\n<p><span style=\"font-family: &quot;times&quot; , &quot;times new roman&quot; , serif;\"><\/span><\/p>\n<div style=\"border-image: none; margin: 0cm 0cm 10pt; tab-stops: 184.75pt;\"><span lang=\"CA\" style=\"line-height: 115%; mso-ansi-language: CA; mso-bidi-font-size: 48.0pt;\"><span style=\"font-family: &quot;times&quot; , &quot;times new roman&quot; , serif;\">-Pallapupas: S\u00f3n gent que fa de pallasso amb l\u2019objectiu de fer riure als pacients que estan malalts.<\/span><\/span><\/div>\n<div style=\"border-image: none; margin: 0cm 0cm 10pt; tab-stops: 184.75pt;\"><span lang=\"CA\" style=\"line-height: 115%; mso-ansi-language: CA; mso-bidi-font-size: 48.0pt;\"><span style=\"font-family: &quot;times&quot;;\"><br \/><\/span><\/span><\/div>\n<p><span style=\"font-family: &quot;times&quot; , &quot;times new roman&quot; , serif;\"><\/span><\/p>\n<div style=\"border-image: none; margin: 0cm 0cm 10pt; tab-stops: 184.75pt;\"><span lang=\"CA\" style=\"line-height: 115%; mso-ansi-language: CA; mso-bidi-font-size: 48.0pt;\"><span style=\"font-family: &quot;times&quot; , &quot;times new roman&quot; , serif;\">En aquests finalistes, v\u00e0rem tornar a votar i va sortir guanyador el CRAM.<\/span><\/span><span style=\"font-family: &quot;times&quot; , &quot;times new roman&quot; , serif;\">&nbsp;<\/span><\/p>\n<div style=\"clear: both; text-align: center;\"><span style=\"font-family: &quot;times&quot; , &quot;times new roman&quot; , serif;\"><\/span><\/div>\n<p><span style=\"font-family: &quot;times&quot; , &quot;times new roman&quot; , serif;\"><\/span><\/p>\n<div style=\"margin: 0cm 0cm 10pt; tab-stops: 184.75pt;\"><span lang=\"CA\" style=\"line-height: 115%; mso-ansi-language: CA; mso-bidi-font-size: 48.0pt;\"><span style=\"font-family: &quot;calibri&quot;;\"><span style=\"font-family: &quot;times&quot; , &quot;times new roman&quot; , serif;\">Al finalitzar la cooperativa, el 25% del beneficis els enviarem el Centre de recuperaci\u00f3 d\u2019animals marins on ens convertirem en padrins de tortugues i ens faran l\u2019entrega d\u2019un certificat d\u2019apadrinament, fotos de la tortuga i el carnet de padr\u00ed.<\/span> <\/span><\/span><\/div>\n<\/div>\n","protected":false},"excerpt":{"rendered":"<p>El passat de febrer cada nen i nena va buscar una ONG a la que donar\u00edem un 25% del diners que guanyarem a la Fira Medieval de Castellet. Cada alumne va proposar una ONG diferent com ara, Sant Joan de D\u00e9u, Pallapupes, Cram, Vall d\u2019Hebron&#8230;&hellip;  <a href=\"https:\/\/agora.xtec.cat\/ceipmontanyans\/general\/decidim-ong\/\" title=\"Read Decidim ONG\">Llegeix m\u00e9s\u00bb<\/a><\/p>\n","protected":false},"author":1,"featured_media":2803,"comment_status":"open","ping_status":"closed","sticky":false,"template":"","format":"standard","meta":{"_bbp_topic_count":0,"_bbp_reply_count":0,"_bbp_total_topic_count":0,"_bbp_total_reply_count":0,"_bbp_voice_count":0,"_bbp_anonymous_reply_count":0,"_bbp_topic_count_hidden":0,"_bbp_reply_count_hidden":0,"_bbp_forum_subforum_count":0,"footnotes":""},"categories":[67,1],"tags":[],"class_list":["post-2768","post","type-post","status-publish","format-standard","has-post-thumbnail","hentry","category-coopem","category-general"],"post_mailing_queue_ids":[],"_links":{"self":[{"href":"https:\/\/agora.xtec.cat\/ceipmontanyans\/wp-json\/wp\/v2\/posts\/2768","targetHints":{"allow":["GET"]}}],"collection":[{"href":"https:\/\/agora.xtec.cat\/ceipmontanyans\/wp-json\/wp\/v2\/posts"}],"about":[{"href":"https:\/\/agora.xtec.cat\/ceipmontanyans\/wp-json\/wp\/v2\/types\/post"}],"author":[{"embeddable":true,"href":"https:\/\/agora.xtec.cat\/ceipmontanyans\/wp-json\/wp\/v2\/users\/1"}],"replies":[{"embeddable":true,"href":"https:\/\/agora.xtec.cat\/ceipmontanyans\/wp-json\/wp\/v2\/comments?post=2768"}],"version-history":[{"count":2,"href":"https:\/\/agora.xtec.cat\/ceipmontanyans\/wp-json\/wp\/v2\/posts\/2768\/revisions"}],"predecessor-version":[{"id":2827,"href":"https:\/\/agora.xtec.cat\/ceipmontanyans\/wp-json\/wp\/v2\/posts\/2768\/revisions\/2827"}],"wp:featuredmedia":[{"embeddable":true,"href":"https:\/\/agora.xtec.cat\/ceipmontanyans\/wp-json\/wp\/v2\/media\/2803"}],"wp:attachment":[{"href":"https:\/\/agora.xtec.cat\/ceipmontanyans\/wp-json\/wp\/v2\/media?parent=2768"}],"wp:term":[{"taxonomy":"category","embeddable":true,"href":"https:\/\/agora.xtec.cat\/ceipmontanyans\/wp-json\/wp\/v2\/categories?post=2768"},{"taxonomy":"post_tag","embeddable":true,"href":"https:\/\/agora.xtec.cat\/ceipmontanyans\/wp-json\/wp\/v2\/tags?post=2768"}],"curies":[{"name":"wp","href":"https:\/\/api.w.org\/{rel}","templated":true}]}}