{"id":2767,"date":"2019-05-24T12:21:00","date_gmt":"2019-05-24T10:21:00","guid":{"rendered":""},"modified":"2020-03-27T18:19:37","modified_gmt":"2020-03-27T17:19:37","slug":"proces-de-la-produccio","status":"publish","type":"post","link":"https:\/\/agora.xtec.cat\/ceipmontanyans\/general\/proces-de-la-produccio\/","title":{"rendered":"Proc\u00e9s de la producci\u00f3"},"content":{"rendered":"<p>Un cop teniem la cooperativa creada oficialment, cada s\u00f2ci i socia va portar un prototip de producte per la seva posterior venda. Aquest prototip havia de complir unes caracter\u00edstiques: realitzar-lo&#8217;s amb productes reciclats i de poc cost.<br \/>Despr\u00e9s vam valorar les nostres produccions i escollir les que m\u00e9s ens agrad\u00e9s mitjan\u00e7ant una votaci\u00f3. La Marisa, la monitora de menjador, tamb\u00e9 ens va portar algunes propostes; i amb tots els exemples de productes van fer una tria per poder comen\u00e7ar a produir.<br \/>&nbsp;Tot seguit vam fer un llistat amb els prototips per tal de fer dues enq\u00fcestes, una per l&#8217;alumnat i l&#8217;altre per les families i amics; amb aquestes enquestes vam saber quins productes tindrien m\u00e9s \u00e8xit i si pagarien el preu que ens semblava a nosaltres.<br \/>Aix\u00ed doncs, vam comen\u00e7ar a produir dividint-nos per grups de producci\u00f3, d&#8217;aquesta manera feiem un treball en equip i profit\u00f3s.<br \/>Els productes fabricats s\u00f3n fets gr\u00e0cies coses reciclades: bosses de tela relitzades amb samarretes , caixes de maduixes decorades, sab\u00f3 artesanal, espelmatoris amb iogurts de vidre, bisuteria amb cd vells&#8230;<\/p>\n<div style=\"clear: both; text-align: center;\"><a href=\"https:\/\/agora.xtec.cat\/ceipmontanyans\/wp-content\/uploads\/usu2034\/2019\/05\/IMG-20190405-WA0013.jpg\" style=\"margin-left: 1em; margin-right: 1em;\"><img loading=\"lazy\" decoding=\"async\" border=\"0\" data-original-height=\"1200\" data-original-width=\"1600\" height=\"150\" src=\"https:\/\/agora.xtec.cat\/ceipmontanyans\/wp-content\/uploads\/usu2034\/2019\/05\/IMG-20190405-WA0013-300x225.jpg\" width=\"200\" \/><\/a><\/div>\n<p><\/p>\n<div style=\"clear: both; text-align: center;\"><a href=\"https:\/\/agora.xtec.cat\/ceipmontanyans\/wp-content\/uploads\/usu2034\/2019\/05\/IMG-20190522-WA0021.jpg\" style=\"margin-left: 1em; margin-right: 1em;\"><img loading=\"lazy\" decoding=\"async\" border=\"0\" data-original-height=\"1110\" data-original-width=\"1600\" height=\"138\" src=\"https:\/\/agora.xtec.cat\/ceipmontanyans\/wp-content\/uploads\/usu2034\/2019\/05\/IMG-20190522-WA0021-300x208.jpg\" width=\"200\" \/><\/a><\/div>\n<p><\/p>\n<div style=\"clear: both; text-align: center;\"><a href=\"https:\/\/agora.xtec.cat\/ceipmontanyans\/wp-content\/uploads\/usu2034\/2019\/05\/IMG-20190522-WA0022.jpg\" style=\"margin-left: 1em; margin-right: 1em;\"><img loading=\"lazy\" decoding=\"async\" border=\"0\" data-original-height=\"941\" data-original-width=\"1600\" height=\"117\" src=\"https:\/\/agora.xtec.cat\/ceipmontanyans\/wp-content\/uploads\/usu2034\/2019\/05\/IMG-20190522-WA0022-300x176.jpg\" width=\"200\" \/><\/a><\/div>\n<p><\/p>\n<div style=\"clear: both; text-align: center;\"><a href=\"https:\/\/agora.xtec.cat\/ceipmontanyans\/wp-content\/uploads\/usu2034\/2019\/05\/IMG-20190522-WA0028.jpg\" style=\"margin-left: 1em; margin-right: 1em;\"><img loading=\"lazy\" decoding=\"async\" border=\"0\" data-original-height=\"1200\" data-original-width=\"1600\" height=\"150\" src=\"https:\/\/agora.xtec.cat\/ceipmontanyans\/wp-content\/uploads\/usu2034\/2019\/05\/IMG-20190522-WA0028-300x225.jpg\" width=\"200\" \/><\/a><\/div>\n<p><\/p>\n<div style=\"clear: both; text-align: center;\"><a href=\"https:\/\/agora.xtec.cat\/ceipmontanyans\/wp-content\/uploads\/usu2034\/2019\/05\/IMG_20190508_120059-2B-25281-2529.jpg\" style=\"margin-left: 1em; margin-right: 1em;\"><img loading=\"lazy\" decoding=\"async\" border=\"0\" data-original-height=\"1200\" data-original-width=\"1600\" height=\"150\" src=\"https:\/\/agora.xtec.cat\/ceipmontanyans\/wp-content\/uploads\/usu2034\/2019\/05\/IMG_20190508_120059-2B-25281-2529-300x225.jpg\" width=\"200\" \/><\/a><\/div>\n<p><\/p>\n","protected":false},"excerpt":{"rendered":"<p>Un cop teniem la cooperativa creada oficialment, cada s\u00f2ci i socia va portar un prototip de producte per la seva posterior venda. Aquest prototip havia de complir unes caracter\u00edstiques: realitzar-lo&#8217;s amb productes reciclats i de poc cost.Despr\u00e9s vam valorar les nostres produccions i escollir les&hellip;  <a href=\"https:\/\/agora.xtec.cat\/ceipmontanyans\/general\/proces-de-la-produccio\/\" title=\"Read Proc\u00e9s de la producci\u00f3\">Llegeix m\u00e9s\u00bb<\/a><\/p>\n","protected":false},"author":1,"featured_media":2797,"comment_status":"open","ping_status":"closed","sticky":false,"template":"","format":"standard","meta":{"_bbp_topic_count":0,"_bbp_reply_count":0,"_bbp_total_topic_count":0,"_bbp_total_reply_count":0,"_bbp_voice_count":0,"_bbp_anonymous_reply_count":0,"_bbp_topic_count_hidden":0,"_bbp_reply_count_hidden":0,"_bbp_forum_subforum_count":0,"footnotes":""},"categories":[67,1],"tags":[],"class_list":["post-2767","post","type-post","status-publish","format-standard","has-post-thumbnail","hentry","category-coopem","category-general"],"post_mailing_queue_ids":[],"_links":{"self":[{"href":"https:\/\/agora.xtec.cat\/ceipmontanyans\/wp-json\/wp\/v2\/posts\/2767","targetHints":{"allow":["GET"]}}],"collection":[{"href":"https:\/\/agora.xtec.cat\/ceipmontanyans\/wp-json\/wp\/v2\/posts"}],"about":[{"href":"https:\/\/agora.xtec.cat\/ceipmontanyans\/wp-json\/wp\/v2\/types\/post"}],"author":[{"embeddable":true,"href":"https:\/\/agora.xtec.cat\/ceipmontanyans\/wp-json\/wp\/v2\/users\/1"}],"replies":[{"embeddable":true,"href":"https:\/\/agora.xtec.cat\/ceipmontanyans\/wp-json\/wp\/v2\/comments?post=2767"}],"version-history":[{"count":2,"href":"https:\/\/agora.xtec.cat\/ceipmontanyans\/wp-json\/wp\/v2\/posts\/2767\/revisions"}],"predecessor-version":[{"id":2826,"href":"https:\/\/agora.xtec.cat\/ceipmontanyans\/wp-json\/wp\/v2\/posts\/2767\/revisions\/2826"}],"wp:featuredmedia":[{"embeddable":true,"href":"https:\/\/agora.xtec.cat\/ceipmontanyans\/wp-json\/wp\/v2\/media\/2797"}],"wp:attachment":[{"href":"https:\/\/agora.xtec.cat\/ceipmontanyans\/wp-json\/wp\/v2\/media?parent=2767"}],"wp:term":[{"taxonomy":"category","embeddable":true,"href":"https:\/\/agora.xtec.cat\/ceipmontanyans\/wp-json\/wp\/v2\/categories?post=2767"},{"taxonomy":"post_tag","embeddable":true,"href":"https:\/\/agora.xtec.cat\/ceipmontanyans\/wp-json\/wp\/v2\/tags?post=2767"}],"curies":[{"name":"wp","href":"https:\/\/api.w.org\/{rel}","templated":true}]}}