{"id":2766,"date":"2019-06-06T09:31:00","date_gmt":"2019-06-06T07:31:00","guid":{"rendered":""},"modified":"2020-03-27T18:19:37","modified_gmt":"2020-03-27T17:19:37","slug":"coopem-va-a-la-fira-medieval-de-castellet","status":"publish","type":"post","link":"https:\/\/agora.xtec.cat\/ceipmontanyans\/general\/coopem-va-a-la-fira-medieval-de-castellet\/","title":{"rendered":"COOPEM VA A LA FIRA MEDIEVAL DE CASTELLET"},"content":{"rendered":"<p><\/p>\n<div align=\"center\" style=\"text-align: center;\"><\/div>\n<div style=\"text-align: justify;\"><i style=\"mso-bidi-font-style: normal;\"><span style=\"line-height: 115%;\">Els nens i nenes de l\u2019Escola Montanyans vendran productes artesans i confeccionats amb materials reciclats.<o:p><\/o:p><\/span><\/i><\/div>\n<div><i style=\"mso-bidi-font-style: normal;\"><span style=\"color: #7f7f7f; line-height: 115%;\">Despr\u00e9s de tot un curs de treball finalment els nostres productes veuran la llum al mercat.<o:p><\/o:p><\/span><\/i><\/div>\n<div><\/div>\n<div style=\"line-height: 150%; text-align: justify;\"><span style=\"line-height: 150%;\">Sant Mar\u00e7al, a 30 de Maig. <span style=\"mso-tab-count: 3;\">&nbsp;&nbsp;&nbsp;&nbsp;&nbsp;&nbsp;&nbsp;&nbsp;&nbsp;&nbsp;&nbsp;&nbsp;&nbsp;&nbsp;&nbsp;&nbsp;&nbsp;&nbsp;&nbsp;&nbsp;&nbsp;&nbsp;&nbsp;&nbsp;&nbsp;&nbsp;&nbsp;&nbsp;&nbsp;&nbsp; <\/span>Alumnat de 4t i 5\u00e8.<o:p><\/o:p><\/span><\/div>\n<div style=\"line-height: 150%; text-align: justify;\"><span style=\"line-height: 150%;\">Els alumnes de 4t i 5\u00e8 de l\u2019Escola Montanyans iniciaren aquest curs un projecte d\u2019emprenedoria, creant una cooperativa anomenada COOPEM <span style=\"color: #0d0d0d; mso-themecolor: text1; mso-themetint: 242;\">(Cooperativa Emprenedora Montanyans).<\/span><o:p><\/o:p><\/span><\/div>\n<div style=\"line-height: 150%; text-align: justify;\"><span style=\"color: #0d0d0d; line-height: 150%;\">El proper 8 de Juny COOPEM estar\u00e0 a la fira medieval de Castellet venent tots aquells productes artesans i fabricats per ells mateixos amb materials reciclats durant aquest curs 2018-2019. L\u2019alumnat ha organitzat la seva cooperativa per departaments de treball; m\u00e0rqueting, comptabilitat, comunicaci\u00f3 i producci\u00f3, amb els que han pogut portar a terme aquest somni que`ls ha fet \u201c<i style=\"mso-bidi-font-style: normal;\">aprendre, gaudir i treballar en equip<\/i>\u201d.<\/span><span style=\"color: #0d0d0d; line-height: 150%;\"> <span lang=\"ES\"><o:p><\/o:p><\/span><\/span><\/p>\n<div style=\"clear: both; text-align: center;\"><a href=\"https:\/\/agora.xtec.cat\/ceipmontanyans\/wp-content\/uploads\/usu2034\/2019\/06\/cartell-2Bfira-2BcASTELLET.jpg\" style=\"margin-left: 1em; margin-right: 1em;\"><img loading=\"lazy\" decoding=\"async\" border=\"0\" data-original-height=\"639\" data-original-width=\"451\" height=\"640\" src=\"https:\/\/agora.xtec.cat\/ceipmontanyans\/wp-content\/uploads\/usu2034\/2019\/06\/cartell-2Bfira-2BcASTELLET-212x300.jpg\" width=\"449\" \/><\/a><\/div>\n<p><span style=\"color: #0d0d0d; line-height: 150%;\"><br \/><\/span><\/div>\n<p><\/p>\n","protected":false},"excerpt":{"rendered":"<p>Els nens i nenes de l\u2019Escola Montanyans vendran productes artesans i confeccionats amb materials reciclats.<br \/>\nDespr\u00e9s de tot un curs de treball finalment els nostres productes veuran la llum al mercat.<\/p>\n<p>Sant Mar\u00e7al, a 30 de Maig. &nbsp;&nbsp;&nbsp;&nbsp;&nbsp;&nbsp;&nbsp;&nbsp;&nbsp;&nbsp;&nbsp;&nbsp;&nbsp;&nbsp;&nbsp;&nbsp;&nbsp;&nbsp;&nbsp;&nbsp;&nbsp;&nbsp;&nbsp;&nbsp;&nbsp;&nbsp;&nbsp;&nbsp;&nbsp;&nbsp; Alumnat de 4t i 5\u00e8.<br \/>\nEls alumnes de 4t i&hellip;  <a href=\"https:\/\/agora.xtec.cat\/ceipmontanyans\/general\/coopem-va-a-la-fira-medieval-de-castellet\/\" title=\"Read COOPEM VA A LA FIRA MEDIEVAL DE CASTELLET\">Llegeix m\u00e9s\u00bb<\/a><\/p>\n","protected":false},"author":1,"featured_media":2795,"comment_status":"open","ping_status":"closed","sticky":false,"template":"","format":"standard","meta":{"_bbp_topic_count":0,"_bbp_reply_count":0,"_bbp_total_topic_count":0,"_bbp_total_reply_count":0,"_bbp_voice_count":0,"_bbp_anonymous_reply_count":0,"_bbp_topic_count_hidden":0,"_bbp_reply_count_hidden":0,"_bbp_forum_subforum_count":0,"footnotes":""},"categories":[67,1],"tags":[],"class_list":["post-2766","post","type-post","status-publish","format-standard","has-post-thumbnail","hentry","category-coopem","category-general"],"post_mailing_queue_ids":[],"_links":{"self":[{"href":"https:\/\/agora.xtec.cat\/ceipmontanyans\/wp-json\/wp\/v2\/posts\/2766","targetHints":{"allow":["GET"]}}],"collection":[{"href":"https:\/\/agora.xtec.cat\/ceipmontanyans\/wp-json\/wp\/v2\/posts"}],"about":[{"href":"https:\/\/agora.xtec.cat\/ceipmontanyans\/wp-json\/wp\/v2\/types\/post"}],"author":[{"embeddable":true,"href":"https:\/\/agora.xtec.cat\/ceipmontanyans\/wp-json\/wp\/v2\/users\/1"}],"replies":[{"embeddable":true,"href":"https:\/\/agora.xtec.cat\/ceipmontanyans\/wp-json\/wp\/v2\/comments?post=2766"}],"version-history":[{"count":2,"href":"https:\/\/agora.xtec.cat\/ceipmontanyans\/wp-json\/wp\/v2\/posts\/2766\/revisions"}],"predecessor-version":[{"id":2825,"href":"https:\/\/agora.xtec.cat\/ceipmontanyans\/wp-json\/wp\/v2\/posts\/2766\/revisions\/2825"}],"wp:featuredmedia":[{"embeddable":true,"href":"https:\/\/agora.xtec.cat\/ceipmontanyans\/wp-json\/wp\/v2\/media\/2795"}],"wp:attachment":[{"href":"https:\/\/agora.xtec.cat\/ceipmontanyans\/wp-json\/wp\/v2\/media?parent=2766"}],"wp:term":[{"taxonomy":"category","embeddable":true,"href":"https:\/\/agora.xtec.cat\/ceipmontanyans\/wp-json\/wp\/v2\/categories?post=2766"},{"taxonomy":"post_tag","embeddable":true,"href":"https:\/\/agora.xtec.cat\/ceipmontanyans\/wp-json\/wp\/v2\/tags?post=2766"}],"curies":[{"name":"wp","href":"https:\/\/api.w.org\/{rel}","templated":true}]}}