{"id":2763,"date":"2019-10-28T10:26:00","date_gmt":"2019-10-28T09:26:00","guid":{"rendered":""},"modified":"2020-03-27T18:19:36","modified_gmt":"2020-03-27T17:19:36","slug":"comencem-els-curs-escolar-amb-un-curtmetratge-de-terror","status":"publish","type":"post","link":"https:\/\/agora.xtec.cat\/ceipmontanyans\/general\/comencem-els-curs-escolar-amb-un-curtmetratge-de-terror\/","title":{"rendered":"Comencem els curs escolar amb un Curtmetratge de terror!"},"content":{"rendered":"<p><\/p>\n<div>El passat 12 de setembre vam comen\u00e7ar el curs amb moltes ganes ja que teniem moltes idees per portar-les a terme a la nostra cooperativa Coopem.<\/div>\n<div><\/div>\n<div>Aprofitant Halloween vam pensar crear una pel\u00b7l\u00edcula de por, que es diu Mortanyans, tots els alumnes de 5\u00e8 i 6\u00e8. Per tal de fer el rodatge de la gravaci\u00f3 de la pel\u00b7l\u00edcula ens vam quedar a dormir a l\u2019escola per aconseguir que les imatges fossin de nit, i aix\u00ed demostrar m\u00e9s terror a l\u2019espectador. <\/div>\n<div><\/div>\n<div>Aquesta pel\u00b7l\u00edcula transcorre a la mateixa escola Montanyans on es connecta el passat i present d\u2019aquesta a trav\u00e9s d\u2019efectes especials i d\u2019algun personatge hi ha una comunicaci\u00f3 ben estreta entre vius i morts. Tindreu prou valentia per acabar de veure-la?<\/div>\n<div><\/div>\n<div>La pel\u00b7l\u00edcula s\u2019estrenar\u00e0 el proper 31 d\u2019octubre a les 16:15 a l\u2019escola on es podr\u00e0<span style=\"mso-spacerun: yes;\">&nbsp; <\/span>veure tot menjant aranyes de xocolata i crispetes.<a href=\"https:\/\/www.blogger.com\/u\/1\/null\" name=\"_GoBack\"><\/a> Seguidament es projectar\u00e0 al Centre Civic de La Gornal a les 18:30h. L\u2019endem\u00e0 1 de novembre es film es podr\u00e0 visualitzar al Local Social Valldemar a les 18h de la tarda juntament amb la degustaci\u00f3 de castanyes.<\/div>\n<div style=\"clear: both; text-align: center;\"><a href=\"https:\/\/agora.xtec.cat\/ceipmontanyans\/wp-content\/uploads\/usu2034\/2019\/10\/titol-2Bcurt.jpg\" style=\"margin-left: 1em; margin-right: 1em;\"><img loading=\"lazy\" decoding=\"async\" border=\"0\" data-original-height=\"612\" data-original-width=\"445\" height=\"640\" src=\"https:\/\/agora.xtec.cat\/ceipmontanyans\/wp-content\/uploads\/usu2034\/2019\/10\/titol-2Bcurt-218x300.jpg\" width=\"464\" \/><\/a><\/div>\n<p><\/p>\n","protected":false},"excerpt":{"rendered":"<p>El passat 12 de setembre vam comen\u00e7ar el curs amb moltes ganes ja que teniem moltes idees per portar-les a terme a la nostra cooperativa Coopem.<\/p>\n<p>Aprofitant Halloween vam pensar crear una pel\u00b7l\u00edcula de por, que es diu Mortanyans, tots els alumnes de 5\u00e8 i 6\u00e8.&hellip;  <a href=\"https:\/\/agora.xtec.cat\/ceipmontanyans\/general\/comencem-els-curs-escolar-amb-un-curtmetratge-de-terror\/\" title=\"Read Comencem els curs escolar amb un Curtmetratge de terror!\">Llegeix m\u00e9s\u00bb<\/a><\/p>\n","protected":false},"author":1,"featured_media":2790,"comment_status":"open","ping_status":"closed","sticky":false,"template":"","format":"standard","meta":{"_bbp_topic_count":0,"_bbp_reply_count":0,"_bbp_total_topic_count":0,"_bbp_total_reply_count":0,"_bbp_voice_count":0,"_bbp_anonymous_reply_count":0,"_bbp_topic_count_hidden":0,"_bbp_reply_count_hidden":0,"_bbp_forum_subforum_count":0,"footnotes":""},"categories":[67,1],"tags":[],"class_list":["post-2763","post","type-post","status-publish","format-standard","has-post-thumbnail","hentry","category-coopem","category-general"],"post_mailing_queue_ids":[],"_links":{"self":[{"href":"https:\/\/agora.xtec.cat\/ceipmontanyans\/wp-json\/wp\/v2\/posts\/2763","targetHints":{"allow":["GET"]}}],"collection":[{"href":"https:\/\/agora.xtec.cat\/ceipmontanyans\/wp-json\/wp\/v2\/posts"}],"about":[{"href":"https:\/\/agora.xtec.cat\/ceipmontanyans\/wp-json\/wp\/v2\/types\/post"}],"author":[{"embeddable":true,"href":"https:\/\/agora.xtec.cat\/ceipmontanyans\/wp-json\/wp\/v2\/users\/1"}],"replies":[{"embeddable":true,"href":"https:\/\/agora.xtec.cat\/ceipmontanyans\/wp-json\/wp\/v2\/comments?post=2763"}],"version-history":[{"count":2,"href":"https:\/\/agora.xtec.cat\/ceipmontanyans\/wp-json\/wp\/v2\/posts\/2763\/revisions"}],"predecessor-version":[{"id":2823,"href":"https:\/\/agora.xtec.cat\/ceipmontanyans\/wp-json\/wp\/v2\/posts\/2763\/revisions\/2823"}],"wp:featuredmedia":[{"embeddable":true,"href":"https:\/\/agora.xtec.cat\/ceipmontanyans\/wp-json\/wp\/v2\/media\/2790"}],"wp:attachment":[{"href":"https:\/\/agora.xtec.cat\/ceipmontanyans\/wp-json\/wp\/v2\/media?parent=2763"}],"wp:term":[{"taxonomy":"category","embeddable":true,"href":"https:\/\/agora.xtec.cat\/ceipmontanyans\/wp-json\/wp\/v2\/categories?post=2763"},{"taxonomy":"post_tag","embeddable":true,"href":"https:\/\/agora.xtec.cat\/ceipmontanyans\/wp-json\/wp\/v2\/tags?post=2763"}],"curies":[{"name":"wp","href":"https:\/\/api.w.org\/{rel}","templated":true}]}}