{"id":2762,"date":"2019-12-04T09:54:00","date_gmt":"2019-12-04T08:54:00","guid":{"rendered":""},"modified":"2020-03-27T18:19:36","modified_gmt":"2020-03-27T17:19:36","slug":"arriben-les-festes-de-nadal","status":"publish","type":"post","link":"https:\/\/agora.xtec.cat\/ceipmontanyans\/general\/arriben-les-festes-de-nadal\/","title":{"rendered":"Arriben les festes de Nadal&#8230;"},"content":{"rendered":"<p>Com cada any la cooperativa de l&#8217;escola, aquest any COOPEM, ha preparat durant el mes de desembre els calendaris d&#8217;advent.<br \/>L&#8217;objectiu era fer-lo amb els m\u00ednims costos possibles, aix\u00ed que varem pensar com fer-lo amb materials reciclats. Veient que a l&#8217;escola teniem molts retalls de cartolina vam comen\u00e7ar a buscar tot el material necessari per tal que ens surtis un calendari ben original.<br \/>El primer pas que vam fer va ser la forma del calendari amb cartr\u00f3 i dins d&#8217;aix\u00f3 vam posar 24 caixetes amb sorpreses a dins (monedes de xocolata), i per \u00faltim ho vam embolicar amb un paper i tot decorat amb una bonica galeta de jengibre de cartolina. Com que aquesta feina era molt entretinguda, vam demanar l&#8217;ajuda de les families, i sort d&#8217;elles! Moltes gr\u00e0cies!<br \/>Es podien reservar abans del dia 1 de desembre per poder fer entrega de totes les peticions.<br \/>Vam estar una mica cansats durant tot el proc\u00e9s, per\u00f2 va valdre la pena, vam fer 140 calendaris, i la nostra economia va creixent de mica en mica.<\/p>\n<div style=\"clear: both; text-align: center;\"><a href=\"https:\/\/agora.xtec.cat\/ceipmontanyans\/wp-content\/uploads\/usu2034\/2019\/12\/IMG_20191122_151942.jpg\" style=\"margin-left: 1em; margin-right: 1em;\"><img loading=\"lazy\" decoding=\"async\" border=\"0\" data-original-height=\"1200\" data-original-width=\"1600\" height=\"240\" src=\"https:\/\/agora.xtec.cat\/ceipmontanyans\/wp-content\/uploads\/usu2034\/2019\/12\/IMG_20191122_151942-300x225.jpg\" width=\"320\" \/><\/a><\/div>\n<p><\/p>\n<div style=\"clear: both; text-align: center;\"><a href=\"https:\/\/agora.xtec.cat\/ceipmontanyans\/wp-content\/uploads\/usu2034\/2019\/12\/IMG_20191122_151945_1.jpg\" style=\"margin-left: 1em; margin-right: 1em;\"><img loading=\"lazy\" decoding=\"async\" border=\"0\" data-original-height=\"1200\" data-original-width=\"1600\" height=\"240\" src=\"https:\/\/agora.xtec.cat\/ceipmontanyans\/wp-content\/uploads\/usu2034\/2019\/12\/IMG_20191122_151945_1-300x225.jpg\" width=\"320\" \/><\/a><\/div>\n<p><\/p>\n<div style=\"clear: both; text-align: center;\"><a href=\"https:\/\/agora.xtec.cat\/ceipmontanyans\/wp-content\/uploads\/usu2034\/2019\/12\/IMG_20191122_151949.jpg\" style=\"margin-left: 1em; margin-right: 1em;\"><img loading=\"lazy\" decoding=\"async\" border=\"0\" data-original-height=\"1200\" data-original-width=\"1600\" height=\"240\" src=\"https:\/\/agora.xtec.cat\/ceipmontanyans\/wp-content\/uploads\/usu2034\/2019\/12\/IMG_20191122_151949-300x225.jpg\" width=\"320\" \/><\/a><\/div>\n<p><\/p>\n<div style=\"clear: both; text-align: center;\"><a href=\"https:\/\/agora.xtec.cat\/ceipmontanyans\/wp-content\/uploads\/usu2034\/2019\/12\/IMG_20191122_152002_1.jpg\" style=\"margin-left: 1em; margin-right: 1em;\"><img loading=\"lazy\" decoding=\"async\" border=\"0\" data-original-height=\"1200\" data-original-width=\"1600\" height=\"240\" src=\"https:\/\/agora.xtec.cat\/ceipmontanyans\/wp-content\/uploads\/usu2034\/2019\/12\/IMG_20191122_152002_1-300x225.jpg\" width=\"320\" \/><\/a><\/div>\n<p><\/p>\n","protected":false},"excerpt":{"rendered":"<p>Com cada any la cooperativa de l&#8217;escola, aquest any COOPEM, ha preparat durant el mes de desembre els calendaris d&#8217;advent.L&#8217;objectiu era fer-lo amb els m\u00ednims costos possibles, aix\u00ed que varem pensar com fer-lo amb materials reciclats. Veient que a l&#8217;escola teniem molts retalls de cartolina&hellip;  <a href=\"https:\/\/agora.xtec.cat\/ceipmontanyans\/general\/arriben-les-festes-de-nadal\/\" title=\"Read Arriben les festes de Nadal&#8230;\">Llegeix m\u00e9s\u00bb<\/a><\/p>\n","protected":false},"author":1,"featured_media":2785,"comment_status":"open","ping_status":"closed","sticky":false,"template":"","format":"standard","meta":{"_bbp_topic_count":0,"_bbp_reply_count":0,"_bbp_total_topic_count":0,"_bbp_total_reply_count":0,"_bbp_voice_count":0,"_bbp_anonymous_reply_count":0,"_bbp_topic_count_hidden":0,"_bbp_reply_count_hidden":0,"_bbp_forum_subforum_count":0,"footnotes":""},"categories":[67,1],"tags":[],"class_list":["post-2762","post","type-post","status-publish","format-standard","has-post-thumbnail","hentry","category-coopem","category-general"],"post_mailing_queue_ids":[],"_links":{"self":[{"href":"https:\/\/agora.xtec.cat\/ceipmontanyans\/wp-json\/wp\/v2\/posts\/2762","targetHints":{"allow":["GET"]}}],"collection":[{"href":"https:\/\/agora.xtec.cat\/ceipmontanyans\/wp-json\/wp\/v2\/posts"}],"about":[{"href":"https:\/\/agora.xtec.cat\/ceipmontanyans\/wp-json\/wp\/v2\/types\/post"}],"author":[{"embeddable":true,"href":"https:\/\/agora.xtec.cat\/ceipmontanyans\/wp-json\/wp\/v2\/users\/1"}],"replies":[{"embeddable":true,"href":"https:\/\/agora.xtec.cat\/ceipmontanyans\/wp-json\/wp\/v2\/comments?post=2762"}],"version-history":[{"count":2,"href":"https:\/\/agora.xtec.cat\/ceipmontanyans\/wp-json\/wp\/v2\/posts\/2762\/revisions"}],"predecessor-version":[{"id":2822,"href":"https:\/\/agora.xtec.cat\/ceipmontanyans\/wp-json\/wp\/v2\/posts\/2762\/revisions\/2822"}],"wp:featuredmedia":[{"embeddable":true,"href":"https:\/\/agora.xtec.cat\/ceipmontanyans\/wp-json\/wp\/v2\/media\/2785"}],"wp:attachment":[{"href":"https:\/\/agora.xtec.cat\/ceipmontanyans\/wp-json\/wp\/v2\/media?parent=2762"}],"wp:term":[{"taxonomy":"category","embeddable":true,"href":"https:\/\/agora.xtec.cat\/ceipmontanyans\/wp-json\/wp\/v2\/categories?post=2762"},{"taxonomy":"post_tag","embeddable":true,"href":"https:\/\/agora.xtec.cat\/ceipmontanyans\/wp-json\/wp\/v2\/tags?post=2762"}],"curies":[{"name":"wp","href":"https:\/\/api.w.org\/{rel}","templated":true}]}}