{"id":2760,"date":"2019-12-04T10:40:00","date_gmt":"2019-12-04T09:40:00","guid":{"rendered":""},"modified":"2020-03-27T18:19:36","modified_gmt":"2020-03-27T17:19:36","slug":"valoracio-mortanyans","status":"publish","type":"post","link":"https:\/\/agora.xtec.cat\/ceipmontanyans\/general\/valoracio-mortanyans\/","title":{"rendered":"Valoraci\u00f3 Mortanyans"},"content":{"rendered":"<p><\/p>\n<div>&nbsp; Ja havent gravat i editat el curt, vam decidir estrenar-lo aqu\u00ed , a l&#8217;escola Montanyans, el dia 31&nbsp; &nbsp; &nbsp; &nbsp; &nbsp;d&#8217;octubre, on hi va ver molta aflu\u00e8ncia p\u00fablica que ens va obligar a passar el curt 3 vegades. Despr\u00e9s, a la tarda vam projectar-lo al centre c\u00edvic de la Gornal on i va haver uns 30 espectadors.<\/div>\n<div>L&#8217;endem\u00e0 al mat\u00ed, vam projectar-lo per ultima vegada al centre c\u00edvic de Valldemar, aprofitant que organitzaven el t\u00fanel del terror, all\u00e0 vam passar unes 90 persones. A part de projectar el curt&nbsp; vam amenitzar-ho venent menjar fet per nosaltres: tres tipus de galetes, crispetes, castanyes i caf\u00e8.&nbsp;<\/div>\n<div>Un cop finalitzat us agra\u00efm a tots i totes els\/les que veu venir. Esperem que us vagi agradar!!&nbsp;&nbsp;<\/div>\n<div><\/p>\n<div style=\"clear: both; text-align: center;\"><a href=\"https:\/\/agora.xtec.cat\/ceipmontanyans\/wp-content\/uploads\/usu2034\/2019\/12\/IMG_20191031_160330.jpg\" style=\"margin-left: 1em; margin-right: 1em;\"><img loading=\"lazy\" decoding=\"async\" border=\"0\" data-original-height=\"1200\" data-original-width=\"1600\" height=\"240\" src=\"https:\/\/agora.xtec.cat\/ceipmontanyans\/wp-content\/uploads\/usu2034\/2019\/12\/IMG_20191031_160330-300x225.jpg\" width=\"320\" \/><\/a><\/div>\n<p><\/p>\n<div style=\"clear: both; text-align: center;\"><a href=\"https:\/\/agora.xtec.cat\/ceipmontanyans\/wp-content\/uploads\/usu2034\/2019\/12\/IMG_20191031_160346.jpg\" style=\"margin-left: 1em; margin-right: 1em;\"><img loading=\"lazy\" decoding=\"async\" border=\"0\" data-original-height=\"1200\" data-original-width=\"1600\" height=\"240\" src=\"https:\/\/agora.xtec.cat\/ceipmontanyans\/wp-content\/uploads\/usu2034\/2019\/12\/IMG_20191031_160346-300x225.jpg\" width=\"320\" \/><\/a><\/div>\n<p><\/p>\n<div style=\"clear: both; text-align: center;\"><a href=\"https:\/\/agora.xtec.cat\/ceipmontanyans\/wp-content\/uploads\/usu2034\/2019\/12\/IMG_20191031_160356.jpg\" style=\"margin-left: 1em; margin-right: 1em;\"><img loading=\"lazy\" decoding=\"async\" border=\"0\" data-original-height=\"1200\" data-original-width=\"1600\" height=\"240\" src=\"https:\/\/agora.xtec.cat\/ceipmontanyans\/wp-content\/uploads\/usu2034\/2019\/12\/IMG_20191031_160356-300x225.jpg\" width=\"320\" \/><\/a><\/div>\n<p><\/p>\n<div style=\"clear: both; text-align: center;\"><a href=\"https:\/\/agora.xtec.cat\/ceipmontanyans\/wp-content\/uploads\/usu2034\/2019\/12\/IMG_20191031_164105.jpg\" style=\"margin-left: 1em; margin-right: 1em;\"><img loading=\"lazy\" decoding=\"async\" border=\"0\" data-original-height=\"1600\" data-original-width=\"1200\" height=\"320\" src=\"https:\/\/agora.xtec.cat\/ceipmontanyans\/wp-content\/uploads\/usu2034\/2019\/12\/IMG_20191031_164105-225x300.jpg\" width=\"240\" \/><\/a><\/div>\n<\/div>\n","protected":false},"excerpt":{"rendered":"<p>&nbsp; Ja havent gravat i editat el curt, vam decidir estrenar-lo aqu\u00ed , a l&#8217;escola Montanyans, el dia 31&nbsp; &nbsp; &nbsp; &nbsp; &nbsp;d&#8217;octubre, on hi va ver molta aflu\u00e8ncia p\u00fablica que ens va obligar a passar el curt 3 vegades. Despr\u00e9s, a la tarda vam&hellip;  <a href=\"https:\/\/agora.xtec.cat\/ceipmontanyans\/general\/valoracio-mortanyans\/\" title=\"Read Valoraci\u00f3 Mortanyans\">Llegeix m\u00e9s\u00bb<\/a><\/p>\n","protected":false},"author":1,"featured_media":2777,"comment_status":"open","ping_status":"closed","sticky":false,"template":"","format":"standard","meta":{"_bbp_topic_count":0,"_bbp_reply_count":0,"_bbp_total_topic_count":0,"_bbp_total_reply_count":0,"_bbp_voice_count":0,"_bbp_anonymous_reply_count":0,"_bbp_topic_count_hidden":0,"_bbp_reply_count_hidden":0,"_bbp_forum_subforum_count":0,"footnotes":""},"categories":[67,1],"tags":[],"class_list":["post-2760","post","type-post","status-publish","format-standard","has-post-thumbnail","hentry","category-coopem","category-general"],"post_mailing_queue_ids":[],"_links":{"self":[{"href":"https:\/\/agora.xtec.cat\/ceipmontanyans\/wp-json\/wp\/v2\/posts\/2760","targetHints":{"allow":["GET"]}}],"collection":[{"href":"https:\/\/agora.xtec.cat\/ceipmontanyans\/wp-json\/wp\/v2\/posts"}],"about":[{"href":"https:\/\/agora.xtec.cat\/ceipmontanyans\/wp-json\/wp\/v2\/types\/post"}],"author":[{"embeddable":true,"href":"https:\/\/agora.xtec.cat\/ceipmontanyans\/wp-json\/wp\/v2\/users\/1"}],"replies":[{"embeddable":true,"href":"https:\/\/agora.xtec.cat\/ceipmontanyans\/wp-json\/wp\/v2\/comments?post=2760"}],"version-history":[{"count":2,"href":"https:\/\/agora.xtec.cat\/ceipmontanyans\/wp-json\/wp\/v2\/posts\/2760\/revisions"}],"predecessor-version":[{"id":2820,"href":"https:\/\/agora.xtec.cat\/ceipmontanyans\/wp-json\/wp\/v2\/posts\/2760\/revisions\/2820"}],"wp:featuredmedia":[{"embeddable":true,"href":"https:\/\/agora.xtec.cat\/ceipmontanyans\/wp-json\/wp\/v2\/media\/2777"}],"wp:attachment":[{"href":"https:\/\/agora.xtec.cat\/ceipmontanyans\/wp-json\/wp\/v2\/media?parent=2760"}],"wp:term":[{"taxonomy":"category","embeddable":true,"href":"https:\/\/agora.xtec.cat\/ceipmontanyans\/wp-json\/wp\/v2\/categories?post=2760"},{"taxonomy":"post_tag","embeddable":true,"href":"https:\/\/agora.xtec.cat\/ceipmontanyans\/wp-json\/wp\/v2\/tags?post=2760"}],"curies":[{"name":"wp","href":"https:\/\/api.w.org\/{rel}","templated":true}]}}