{"id":2371,"date":"2016-10-19T09:55:00","date_gmt":"2016-10-19T07:55:00","guid":{"rendered":"https:\/\/agora.xtec.cat\/ceipmontanyans\/general\/sortida-al-mercat-de-santa-catarina-i-al-liceu\/"},"modified":"2020-03-27T17:44:24","modified_gmt":"2020-03-27T16:44:24","slug":"sortida-al-mercat-de-santa-catarina-i-al-liceu","status":"publish","type":"post","link":"https:\/\/agora.xtec.cat\/ceipmontanyans\/general\/sortida-al-mercat-de-santa-catarina-i-al-liceu\/","title":{"rendered":"SORTIDA AL MERCAT DE SANTA CATARINA I AL LICEU"},"content":{"rendered":"<div><span style=\"font-size: 20.0pt; line-height: 115%;\">El divendres &nbsp;passat,&nbsp; dia 14 d\u2019octubre&nbsp; vam&nbsp; anar&nbsp; al&nbsp; Liceu&nbsp; i al mercat&nbsp; de&nbsp; Santa&nbsp; Caterina.&nbsp; Primer &nbsp;vam&nbsp; anar &nbsp;al&nbsp; mercat de &nbsp;Santa&nbsp; Caterina&nbsp; i&nbsp; vam&nbsp; veure&nbsp; ous&nbsp; d\u2019estru\u00e7&nbsp; i molts&nbsp; tipus&nbsp; m\u00e9s,&nbsp; tamb\u00e9&nbsp; hi&nbsp; havien&nbsp; pollastre&nbsp; i&nbsp; moltes&nbsp; altres&nbsp; coses.&nbsp; Quan&nbsp; vam&nbsp; acabar&nbsp; del&nbsp; mercat,&nbsp; vam&nbsp; anar&nbsp; al Liceu.&nbsp; Vam&nbsp; veure&nbsp; una&nbsp; actuaci\u00f3&nbsp; xul\u00edssima.&nbsp; M\u2019ho vaig&nbsp; passar&nbsp; molt b\u00e9! &nbsp;&nbsp;<o:p><\/o:p><\/span><\/div>\n<div><span style=\"font-size: 20.0pt; line-height: 115%;\"><br \/><\/span><\/div>\n<div><span style=\"font-size: 20.0pt; line-height: 115%;\">&nbsp; &nbsp; &nbsp; &nbsp; &nbsp; &nbsp; &nbsp; &nbsp; &nbsp; &nbsp; &nbsp; &nbsp; &nbsp; &nbsp; &nbsp; &nbsp; &nbsp; &nbsp; &nbsp; &nbsp; &nbsp; &nbsp; &nbsp; &nbsp; &nbsp; &nbsp; &nbsp; &nbsp; &nbsp; &nbsp; &nbsp; &nbsp; &nbsp; &nbsp; &nbsp; &nbsp; &nbsp; &nbsp; CINTA 4t&nbsp;<\/span><\/div>\n","protected":false},"excerpt":{"rendered":"<p>El divendres &nbsp;passat,&nbsp; dia 14 d\u2019octubre&nbsp; vam&nbsp; anar&nbsp; al&nbsp; Liceu&nbsp; i al mercat&nbsp; de&nbsp; Santa&nbsp; Caterina.&nbsp; Primer &nbsp;vam&nbsp; anar &nbsp;al&nbsp; mercat de &nbsp;Santa&nbsp; Caterina&nbsp; i&nbsp; vam&nbsp; veure&nbsp; ous&nbsp; d\u2019estru\u00e7&nbsp; i molts&nbsp; tipus&nbsp; m\u00e9s,&nbsp; tamb\u00e9&nbsp; hi&nbsp; havien&nbsp; pollastre&nbsp; i&nbsp; moltes&nbsp; altres&nbsp; coses.&nbsp; Quan&nbsp; vam&nbsp; acabar&nbsp; del&nbsp;&hellip;  <a href=\"https:\/\/agora.xtec.cat\/ceipmontanyans\/general\/sortida-al-mercat-de-santa-catarina-i-al-liceu\/\" title=\"Read SORTIDA AL MERCAT DE SANTA CATARINA I AL LICEU\">Llegeix m\u00e9s\u00bb<\/a><\/p>\n","protected":false},"author":1,"featured_media":0,"comment_status":"open","ping_status":"closed","sticky":false,"template":"","format":"standard","meta":{"_bbp_topic_count":0,"_bbp_reply_count":0,"_bbp_total_topic_count":0,"_bbp_total_reply_count":0,"_bbp_voice_count":0,"_bbp_anonymous_reply_count":0,"_bbp_topic_count_hidden":0,"_bbp_reply_count_hidden":0,"_bbp_forum_subforum_count":0,"footnotes":""},"categories":[62,1],"tags":[],"class_list":["post-2371","post","type-post","status-publish","format-standard","hentry","category-grans","category-general"],"post_mailing_queue_ids":[],"_links":{"self":[{"href":"https:\/\/agora.xtec.cat\/ceipmontanyans\/wp-json\/wp\/v2\/posts\/2371","targetHints":{"allow":["GET"]}}],"collection":[{"href":"https:\/\/agora.xtec.cat\/ceipmontanyans\/wp-json\/wp\/v2\/posts"}],"about":[{"href":"https:\/\/agora.xtec.cat\/ceipmontanyans\/wp-json\/wp\/v2\/types\/post"}],"author":[{"embeddable":true,"href":"https:\/\/agora.xtec.cat\/ceipmontanyans\/wp-json\/wp\/v2\/users\/1"}],"replies":[{"embeddable":true,"href":"https:\/\/agora.xtec.cat\/ceipmontanyans\/wp-json\/wp\/v2\/comments?post=2371"}],"version-history":[{"count":1,"href":"https:\/\/agora.xtec.cat\/ceipmontanyans\/wp-json\/wp\/v2\/posts\/2371\/revisions"}],"predecessor-version":[{"id":2535,"href":"https:\/\/agora.xtec.cat\/ceipmontanyans\/wp-json\/wp\/v2\/posts\/2371\/revisions\/2535"}],"wp:attachment":[{"href":"https:\/\/agora.xtec.cat\/ceipmontanyans\/wp-json\/wp\/v2\/media?parent=2371"}],"wp:term":[{"taxonomy":"category","embeddable":true,"href":"https:\/\/agora.xtec.cat\/ceipmontanyans\/wp-json\/wp\/v2\/categories?post=2371"},{"taxonomy":"post_tag","embeddable":true,"href":"https:\/\/agora.xtec.cat\/ceipmontanyans\/wp-json\/wp\/v2\/tags?post=2371"}],"curies":[{"name":"wp","href":"https:\/\/api.w.org\/{rel}","templated":true}]}}