{"id":1606,"date":"2017-11-26T22:54:00","date_gmt":"2017-11-26T21:54:00","guid":{"rendered":"https:\/\/agora.xtec.cat\/ceipmontanyans\/general\/p5-el-protagonista-manel\/"},"modified":"2020-03-25T17:37:46","modified_gmt":"2020-03-25T16:37:46","slug":"p5-el-protagonista-manel","status":"publish","type":"post","link":"https:\/\/agora.xtec.cat\/ceipmontanyans\/infantil\/p5\/p5-el-protagonista-manel\/","title":{"rendered":"P5 EL PROTAGONISTA MANEL"},"content":{"rendered":"<div style=\"text-align: justify;\">Aquesta setmana el Manel, acompanyat de la seva mare, Ingrid ens han explicat un conte preci\u00f3s: <i>Martina la ratolina i les estrelles<\/i>. Despr\u00e9s hem fet un m\u00f2bil d&#8217;estrelles, que ha quedat preci\u00f3s!<\/div>\n<div style=\"text-align: justify;\">Moltes gr\u00e0cies Manel i Ingrid per compartir amb nosaltres aquesta activitat tan bonica.<\/div>\n<div style=\"clear: both; text-align: center;\"><iframe loading=\"lazy\" width=\"320\" height=\"266\" data-thumbnail-src=\"https:\/\/i.ytimg.com\/vi\/9LwdAqwjygg\/0.jpg\" src=\"https:\/\/www.youtube.com\/embed\/9LwdAqwjygg?feature=player_embedded\" frameborder=\"0\" allowfullscreen><\/iframe><\/div>\n<div style=\"text-align: justify;\"><\/div>\n","protected":false},"excerpt":{"rendered":"<p>Aquesta setmana el Manel, acompanyat de la seva mare, Ingrid ens han explicat un conte preci\u00f3s: Martina la ratolina i les estrelles. Despr\u00e9s hem fet un m\u00f2bil d&#8217;estrelles, que ha quedat preci\u00f3s!<br \/>\nMoltes gr\u00e0cies Manel i Ingrid per compartir amb nosaltres aquesta activitat tan bonica.<\/p>\n","protected":false},"author":1,"featured_media":0,"comment_status":"open","ping_status":"closed","sticky":false,"template":"","format":"standard","meta":{"_bbp_topic_count":0,"_bbp_reply_count":0,"_bbp_total_topic_count":0,"_bbp_total_reply_count":0,"_bbp_voice_count":0,"_bbp_anonymous_reply_count":0,"_bbp_topic_count_hidden":0,"_bbp_reply_count_hidden":0,"_bbp_forum_subforum_count":0,"footnotes":""},"categories":[63,9],"tags":[],"class_list":["post-1606","post","type-post","status-publish","format-standard","hentry","category-escola","category-p5"],"post_mailing_queue_ids":[],"_links":{"self":[{"href":"https:\/\/agora.xtec.cat\/ceipmontanyans\/wp-json\/wp\/v2\/posts\/1606","targetHints":{"allow":["GET"]}}],"collection":[{"href":"https:\/\/agora.xtec.cat\/ceipmontanyans\/wp-json\/wp\/v2\/posts"}],"about":[{"href":"https:\/\/agora.xtec.cat\/ceipmontanyans\/wp-json\/wp\/v2\/types\/post"}],"author":[{"embeddable":true,"href":"https:\/\/agora.xtec.cat\/ceipmontanyans\/wp-json\/wp\/v2\/users\/1"}],"replies":[{"embeddable":true,"href":"https:\/\/agora.xtec.cat\/ceipmontanyans\/wp-json\/wp\/v2\/comments?post=1606"}],"version-history":[{"count":1,"href":"https:\/\/agora.xtec.cat\/ceipmontanyans\/wp-json\/wp\/v2\/posts\/1606\/revisions"}],"predecessor-version":[{"id":1958,"href":"https:\/\/agora.xtec.cat\/ceipmontanyans\/wp-json\/wp\/v2\/posts\/1606\/revisions\/1958"}],"wp:attachment":[{"href":"https:\/\/agora.xtec.cat\/ceipmontanyans\/wp-json\/wp\/v2\/media?parent=1606"}],"wp:term":[{"taxonomy":"category","embeddable":true,"href":"https:\/\/agora.xtec.cat\/ceipmontanyans\/wp-json\/wp\/v2\/categories?post=1606"},{"taxonomy":"post_tag","embeddable":true,"href":"https:\/\/agora.xtec.cat\/ceipmontanyans\/wp-json\/wp\/v2\/tags?post=1606"}],"curies":[{"name":"wp","href":"https:\/\/api.w.org\/{rel}","templated":true}]}}