{"id":1589,"date":"2018-03-08T11:29:00","date_gmt":"2018-03-08T10:29:00","guid":{"rendered":"https:\/\/agora.xtec.cat\/ceipmontanyans\/general\/p3-el-protagonista-nil\/"},"modified":"2020-03-25T17:37:14","modified_gmt":"2020-03-25T16:37:14","slug":"p3-el-protagonista-nil","status":"publish","type":"post","link":"https:\/\/agora.xtec.cat\/ceipmontanyans\/general\/p3-el-protagonista-nil\/","title":{"rendered":"P3 EL PROTAGONISTA NIL"},"content":{"rendered":"<p>VA VENIR EL PARE I LA MARE DEL NIL I VAM FER GALETES DE MANTEGA. ESTAVEN BON\u00cdSSIMES! MIREU QU\u00c8 B\u00c9 ENS HO VAM PASSAR!<\/p>\n<div style=\"clear: both; text-align: center;\"><iframe loading=\"lazy\" width=\"320\" height=\"266\" data-thumbnail-src=\"https:\/\/i.ytimg.com\/vi\/VDpCs5L7z3Q\/0.jpg\" src=\"https:\/\/www.youtube.com\/embed\/VDpCs5L7z3Q?feature=player_embedded\" frameborder=\"0\" allowfullscreen><\/iframe><\/div>\n<p><\/p>\n","protected":false},"excerpt":{"rendered":"<p>VA VENIR EL PARE I LA MARE DEL NIL I VAM FER GALETES DE MANTEGA. ESTAVEN BON\u00cdSSIMES! MIREU QU\u00c8 B\u00c9 ENS HO VAM PASSAR!<\/p>\n","protected":false},"author":1,"featured_media":0,"comment_status":"open","ping_status":"closed","sticky":false,"template":"","format":"standard","meta":{"_bbp_topic_count":0,"_bbp_reply_count":0,"_bbp_total_topic_count":0,"_bbp_total_reply_count":0,"_bbp_voice_count":0,"_bbp_anonymous_reply_count":0,"_bbp_topic_count_hidden":0,"_bbp_reply_count_hidden":0,"_bbp_forum_subforum_count":0,"footnotes":""},"categories":[63,1],"tags":[],"class_list":["post-1589","post","type-post","status-publish","format-standard","hentry","category-escola","category-general"],"post_mailing_queue_ids":[],"_links":{"self":[{"href":"https:\/\/agora.xtec.cat\/ceipmontanyans\/wp-json\/wp\/v2\/posts\/1589","targetHints":{"allow":["GET"]}}],"collection":[{"href":"https:\/\/agora.xtec.cat\/ceipmontanyans\/wp-json\/wp\/v2\/posts"}],"about":[{"href":"https:\/\/agora.xtec.cat\/ceipmontanyans\/wp-json\/wp\/v2\/types\/post"}],"author":[{"embeddable":true,"href":"https:\/\/agora.xtec.cat\/ceipmontanyans\/wp-json\/wp\/v2\/users\/1"}],"replies":[{"embeddable":true,"href":"https:\/\/agora.xtec.cat\/ceipmontanyans\/wp-json\/wp\/v2\/comments?post=1589"}],"version-history":[{"count":1,"href":"https:\/\/agora.xtec.cat\/ceipmontanyans\/wp-json\/wp\/v2\/posts\/1589\/revisions"}],"predecessor-version":[{"id":1941,"href":"https:\/\/agora.xtec.cat\/ceipmontanyans\/wp-json\/wp\/v2\/posts\/1589\/revisions\/1941"}],"wp:attachment":[{"href":"https:\/\/agora.xtec.cat\/ceipmontanyans\/wp-json\/wp\/v2\/media?parent=1589"}],"wp:term":[{"taxonomy":"category","embeddable":true,"href":"https:\/\/agora.xtec.cat\/ceipmontanyans\/wp-json\/wp\/v2\/categories?post=1589"},{"taxonomy":"post_tag","embeddable":true,"href":"https:\/\/agora.xtec.cat\/ceipmontanyans\/wp-json\/wp\/v2\/tags?post=1589"}],"curies":[{"name":"wp","href":"https:\/\/api.w.org\/{rel}","templated":true}]}}