{"id":1541,"date":"2019-02-07T08:39:00","date_gmt":"2019-02-07T07:39:00","guid":{"rendered":"https:\/\/agora.xtec.cat\/ceipmontanyans\/general\/p3-protagonista-kilian\/"},"modified":"2020-03-25T17:35:34","modified_gmt":"2020-03-25T16:35:34","slug":"p3-protagonista-kilian","status":"publish","type":"post","link":"https:\/\/agora.xtec.cat\/ceipmontanyans\/general\/p3-protagonista-kilian\/","title":{"rendered":"P3  PROTAGONISTA KILIAN"},"content":{"rendered":"<p>La setmana passada va ser molt especial per al Kilian!!! Va ser el nostre protagonista!!!<br \/>La seva mare i el seu germ\u00e0 ens van acompanyar una tarda i va ser genial!!!<br \/>Vam fer la nostra m\u00e0 amb fang!!!!! Molt\u00edssimes gr\u00e0cies fam\u00edlia!!!!<\/p>\n<div style=\"clear: both; text-align: center;\"><iframe loading=\"lazy\" allowfullscreen=\"\" data-thumbnail-src=\"https:\/\/i.ytimg.com\/vi\/Uw9C92-IYSM\/0.jpg\" frameborder=\"0\" height=\"266\" src=\"https:\/\/www.youtube.com\/embed\/Uw9C92-IYSM?feature=player_embedded\" width=\"320\"><\/iframe><\/div>\n<p><\/p>\n","protected":false},"excerpt":{"rendered":"<p>La setmana passada va ser molt especial per al Kilian!!! Va ser el nostre protagonista!!!La seva mare i el seu germ\u00e0 ens van acompanyar una tarda i va ser genial!!!Vam fer la nostra m\u00e0 amb fang!!!!! Molt\u00edssimes gr\u00e0cies fam\u00edlia!!!!<\/p>\n","protected":false},"author":1,"featured_media":0,"comment_status":"open","ping_status":"closed","sticky":false,"template":"","format":"standard","meta":{"_bbp_topic_count":0,"_bbp_reply_count":0,"_bbp_total_topic_count":0,"_bbp_total_reply_count":0,"_bbp_voice_count":0,"_bbp_anonymous_reply_count":0,"_bbp_topic_count_hidden":0,"_bbp_reply_count_hidden":0,"_bbp_forum_subforum_count":0,"footnotes":""},"categories":[63,1],"tags":[],"class_list":["post-1541","post","type-post","status-publish","format-standard","hentry","category-escola","category-general"],"post_mailing_queue_ids":[],"_links":{"self":[{"href":"https:\/\/agora.xtec.cat\/ceipmontanyans\/wp-json\/wp\/v2\/posts\/1541","targetHints":{"allow":["GET"]}}],"collection":[{"href":"https:\/\/agora.xtec.cat\/ceipmontanyans\/wp-json\/wp\/v2\/posts"}],"about":[{"href":"https:\/\/agora.xtec.cat\/ceipmontanyans\/wp-json\/wp\/v2\/types\/post"}],"author":[{"embeddable":true,"href":"https:\/\/agora.xtec.cat\/ceipmontanyans\/wp-json\/wp\/v2\/users\/1"}],"replies":[{"embeddable":true,"href":"https:\/\/agora.xtec.cat\/ceipmontanyans\/wp-json\/wp\/v2\/comments?post=1541"}],"version-history":[{"count":1,"href":"https:\/\/agora.xtec.cat\/ceipmontanyans\/wp-json\/wp\/v2\/posts\/1541\/revisions"}],"predecessor-version":[{"id":1893,"href":"https:\/\/agora.xtec.cat\/ceipmontanyans\/wp-json\/wp\/v2\/posts\/1541\/revisions\/1893"}],"wp:attachment":[{"href":"https:\/\/agora.xtec.cat\/ceipmontanyans\/wp-json\/wp\/v2\/media?parent=1541"}],"wp:term":[{"taxonomy":"category","embeddable":true,"href":"https:\/\/agora.xtec.cat\/ceipmontanyans\/wp-json\/wp\/v2\/categories?post=1541"},{"taxonomy":"post_tag","embeddable":true,"href":"https:\/\/agora.xtec.cat\/ceipmontanyans\/wp-json\/wp\/v2\/tags?post=1541"}],"curies":[{"name":"wp","href":"https:\/\/api.w.org\/{rel}","templated":true}]}}