{"id":1528,"date":"2019-03-16T23:43:00","date_gmt":"2019-03-16T22:43:00","guid":{"rendered":"https:\/\/agora.xtec.cat\/ceipmontanyans\/general\/p3-protagonista-valentina\/"},"modified":"2020-03-25T17:35:12","modified_gmt":"2020-03-25T16:35:12","slug":"p3-protagonista-valentina","status":"publish","type":"post","link":"https:\/\/agora.xtec.cat\/ceipmontanyans\/general\/p3-protagonista-valentina\/","title":{"rendered":"P3 &#8211; PROTAGONISTA VALENTINA"},"content":{"rendered":"<p>La Valentina ja ha gaudit de la seva setmana especial!!<br \/>I la seva mare ens va ensenyar a fer uns peixets d\u2019all\u00f2 m\u00e9s bonics!! I de moolts colors!!<br \/>Ens ho vam passar s\u00faper b\u00e9!!<br \/>Mireu, mireu&#8230;!!<\/p>\n<div style=\"clear: both; text-align: center;\"><iframe loading=\"lazy\" allowfullscreen=\"\" data-thumbnail-src=\"https:\/\/i.ytimg.com\/vi\/J3yzrl0YuJ8\/0.jpg\" frameborder=\"0\" height=\"266\" src=\"https:\/\/www.youtube.com\/embed\/J3yzrl0YuJ8?feature=player_embedded\" width=\"320\"><\/iframe><\/div>\n<p><\/p>\n","protected":false},"excerpt":{"rendered":"<p>La Valentina ja ha gaudit de la seva setmana especial!!I la seva mare ens va ensenyar a fer uns peixets d\u2019all\u00f2 m\u00e9s bonics!! I de moolts colors!!Ens ho vam passar s\u00faper b\u00e9!!Mireu, mireu&#8230;!!<\/p>\n","protected":false},"author":1,"featured_media":0,"comment_status":"open","ping_status":"closed","sticky":false,"template":"","format":"standard","meta":{"_bbp_topic_count":0,"_bbp_reply_count":0,"_bbp_total_topic_count":0,"_bbp_total_reply_count":0,"_bbp_voice_count":0,"_bbp_anonymous_reply_count":0,"_bbp_topic_count_hidden":0,"_bbp_reply_count_hidden":0,"_bbp_forum_subforum_count":0,"footnotes":""},"categories":[63,1],"tags":[],"class_list":["post-1528","post","type-post","status-publish","format-standard","hentry","category-escola","category-general"],"post_mailing_queue_ids":[],"_links":{"self":[{"href":"https:\/\/agora.xtec.cat\/ceipmontanyans\/wp-json\/wp\/v2\/posts\/1528","targetHints":{"allow":["GET"]}}],"collection":[{"href":"https:\/\/agora.xtec.cat\/ceipmontanyans\/wp-json\/wp\/v2\/posts"}],"about":[{"href":"https:\/\/agora.xtec.cat\/ceipmontanyans\/wp-json\/wp\/v2\/types\/post"}],"author":[{"embeddable":true,"href":"https:\/\/agora.xtec.cat\/ceipmontanyans\/wp-json\/wp\/v2\/users\/1"}],"replies":[{"embeddable":true,"href":"https:\/\/agora.xtec.cat\/ceipmontanyans\/wp-json\/wp\/v2\/comments?post=1528"}],"version-history":[{"count":1,"href":"https:\/\/agora.xtec.cat\/ceipmontanyans\/wp-json\/wp\/v2\/posts\/1528\/revisions"}],"predecessor-version":[{"id":1880,"href":"https:\/\/agora.xtec.cat\/ceipmontanyans\/wp-json\/wp\/v2\/posts\/1528\/revisions\/1880"}],"wp:attachment":[{"href":"https:\/\/agora.xtec.cat\/ceipmontanyans\/wp-json\/wp\/v2\/media?parent=1528"}],"wp:term":[{"taxonomy":"category","embeddable":true,"href":"https:\/\/agora.xtec.cat\/ceipmontanyans\/wp-json\/wp\/v2\/categories?post=1528"},{"taxonomy":"post_tag","embeddable":true,"href":"https:\/\/agora.xtec.cat\/ceipmontanyans\/wp-json\/wp\/v2\/tags?post=1528"}],"curies":[{"name":"wp","href":"https:\/\/api.w.org\/{rel}","templated":true}]}}