{"id":1506,"date":"2019-06-16T18:36:00","date_gmt":"2019-06-16T16:36:00","guid":{"rendered":"https:\/\/agora.xtec.cat\/ceipmontanyans\/general\/p3-la-protagonista-claudia\/"},"modified":"2020-03-25T17:34:16","modified_gmt":"2020-03-25T16:34:16","slug":"p3-la-protagonista-claudia","status":"publish","type":"post","link":"https:\/\/agora.xtec.cat\/ceipmontanyans\/general\/p3-la-protagonista-claudia\/","title":{"rendered":"P3 &#8211; LA PROTAGONISTA CL\u00c0UDIA!"},"content":{"rendered":"<p>LA CL\u00c0UDIA JA HA ESTAT PROTAGONISTA TAMB\u00c9!! &nbsp;ELS SEUS PARES VAN VENIR A COMPARTIR UNA TARDA AMB TOTS NOSALTRES I VA SER GENIAL!! VAM SORTIR MOLT GUARNITS AQUELL DIA!!! VOLEU SABER PER QU\u00c8? DONCS NO US PERDEU EL SEG\u00dcENT V\u00cdDEO!!<\/p>\n<div><\/div>\n<div>MOLTES GR\u00c0CIES FAM\u00cdLIA!!<\/div>\n<div><\/p>\n<div style=\"clear: both; text-align: center;\"><iframe loading=\"lazy\" width=\"320\" height=\"266\" data-thumbnail-src=\"https:\/\/i.ytimg.com\/vi\/TXwec7HWr4Y\/0.jpg\" src=\"https:\/\/www.youtube.com\/embed\/TXwec7HWr4Y?feature=player_embedded\" frameborder=\"0\" allowfullscreen><\/iframe><\/div>\n<div><\/div>\n<\/div>\n","protected":false},"excerpt":{"rendered":"<p>LA CL\u00c0UDIA JA HA ESTAT PROTAGONISTA TAMB\u00c9!! &nbsp;ELS SEUS PARES VAN VENIR A COMPARTIR UNA TARDA AMB TOTS NOSALTRES I VA SER GENIAL!! VAM SORTIR MOLT GUARNITS AQUELL DIA!!! VOLEU SABER PER QU\u00c8? DONCS NO US PERDEU EL SEG\u00dcENT V\u00cdDEO!!<\/p>\n<p>MOLTES GR\u00c0CIES FAM\u00cdLIA!!<\/p>\n","protected":false},"author":1,"featured_media":0,"comment_status":"open","ping_status":"closed","sticky":false,"template":"","format":"standard","meta":{"_bbp_topic_count":0,"_bbp_reply_count":0,"_bbp_total_topic_count":0,"_bbp_total_reply_count":0,"_bbp_voice_count":0,"_bbp_anonymous_reply_count":0,"_bbp_topic_count_hidden":0,"_bbp_reply_count_hidden":0,"_bbp_forum_subforum_count":0,"footnotes":""},"categories":[63,1],"tags":[],"class_list":["post-1506","post","type-post","status-publish","format-standard","hentry","category-escola","category-general"],"post_mailing_queue_ids":[],"_links":{"self":[{"href":"https:\/\/agora.xtec.cat\/ceipmontanyans\/wp-json\/wp\/v2\/posts\/1506","targetHints":{"allow":["GET"]}}],"collection":[{"href":"https:\/\/agora.xtec.cat\/ceipmontanyans\/wp-json\/wp\/v2\/posts"}],"about":[{"href":"https:\/\/agora.xtec.cat\/ceipmontanyans\/wp-json\/wp\/v2\/types\/post"}],"author":[{"embeddable":true,"href":"https:\/\/agora.xtec.cat\/ceipmontanyans\/wp-json\/wp\/v2\/users\/1"}],"replies":[{"embeddable":true,"href":"https:\/\/agora.xtec.cat\/ceipmontanyans\/wp-json\/wp\/v2\/comments?post=1506"}],"version-history":[{"count":1,"href":"https:\/\/agora.xtec.cat\/ceipmontanyans\/wp-json\/wp\/v2\/posts\/1506\/revisions"}],"predecessor-version":[{"id":1858,"href":"https:\/\/agora.xtec.cat\/ceipmontanyans\/wp-json\/wp\/v2\/posts\/1506\/revisions\/1858"}],"wp:attachment":[{"href":"https:\/\/agora.xtec.cat\/ceipmontanyans\/wp-json\/wp\/v2\/media?parent=1506"}],"wp:term":[{"taxonomy":"category","embeddable":true,"href":"https:\/\/agora.xtec.cat\/ceipmontanyans\/wp-json\/wp\/v2\/categories?post=1506"},{"taxonomy":"post_tag","embeddable":true,"href":"https:\/\/agora.xtec.cat\/ceipmontanyans\/wp-json\/wp\/v2\/tags?post=1506"}],"curies":[{"name":"wp","href":"https:\/\/api.w.org\/{rel}","templated":true}]}}