{"id":1504,"date":"2019-06-20T13:15:00","date_gmt":"2019-06-20T11:15:00","guid":{"rendered":"https:\/\/agora.xtec.cat\/ceipmontanyans\/general\/p4-la-protagonista-nora\/"},"modified":"2020-03-25T17:34:16","modified_gmt":"2020-03-25T16:34:16","slug":"p4-la-protagonista-nora","status":"publish","type":"post","link":"https:\/\/agora.xtec.cat\/ceipmontanyans\/general\/p4-la-protagonista-nora\/","title":{"rendered":"P4- LA PROTAGONISTA NORA"},"content":{"rendered":"<div style=\"text-align: center;\">JA TENIM AQU\u00cd LA SETMANA DE LA DARRERA PROTAGONISTA A LA CLASSE DELS CAVALLS&#8230;..LA NORA!!!<\/p>\n<p>VA SER MOLT ESPECIAL PERQU\u00c8 A M\u00c9S A M\u00c9S VAM FER UN CAVALL DE JOGUINA AMB LA MAMA I EL PAPA!!!&nbsp;<\/p><\/div>\n<div style=\"text-align: center;\"><\/div>\n<div style=\"text-align: center;\">MIREU QUINES CURSES!!!<\/div>\n<div style=\"text-align: center;\"><\/div>\n<div style=\"text-align: center;\">\n<div style=\"clear: both; text-align: center;\"><iframe loading=\"lazy\" width=\"320\" height=\"266\" data-thumbnail-src=\"https:\/\/i.ytimg.com\/vi\/Ezyzt6fJsBk\/0.jpg\" src=\"https:\/\/www.youtube.com\/embed\/Ezyzt6fJsBk?feature=player_embedded\" frameborder=\"0\" allowfullscreen><\/iframe><\/div>\n<p><\/div>\n","protected":false},"excerpt":{"rendered":"<p>JA TENIM AQU\u00cd LA SETMANA DE LA DARRERA PROTAGONISTA A LA CLASSE DELS CAVALLS&#8230;..LA NORA!!!<br \/>\nVA SER MOLT ESPECIAL PERQU\u00c8 A M\u00c9S A M\u00c9S VAM FER UN CAVALL DE JOGUINA AMB LA MAMA I EL PAPA!!!&nbsp;<\/p>\n<p>MIREU QUINES CURSES!!!<\/p>\n","protected":false},"author":1,"featured_media":0,"comment_status":"open","ping_status":"closed","sticky":false,"template":"","format":"standard","meta":{"_bbp_topic_count":0,"_bbp_reply_count":0,"_bbp_total_topic_count":0,"_bbp_total_reply_count":0,"_bbp_voice_count":0,"_bbp_anonymous_reply_count":0,"_bbp_topic_count_hidden":0,"_bbp_reply_count_hidden":0,"_bbp_forum_subforum_count":0,"footnotes":""},"categories":[63,1],"tags":[],"class_list":["post-1504","post","type-post","status-publish","format-standard","hentry","category-escola","category-general"],"post_mailing_queue_ids":[],"_links":{"self":[{"href":"https:\/\/agora.xtec.cat\/ceipmontanyans\/wp-json\/wp\/v2\/posts\/1504","targetHints":{"allow":["GET"]}}],"collection":[{"href":"https:\/\/agora.xtec.cat\/ceipmontanyans\/wp-json\/wp\/v2\/posts"}],"about":[{"href":"https:\/\/agora.xtec.cat\/ceipmontanyans\/wp-json\/wp\/v2\/types\/post"}],"author":[{"embeddable":true,"href":"https:\/\/agora.xtec.cat\/ceipmontanyans\/wp-json\/wp\/v2\/users\/1"}],"replies":[{"embeddable":true,"href":"https:\/\/agora.xtec.cat\/ceipmontanyans\/wp-json\/wp\/v2\/comments?post=1504"}],"version-history":[{"count":1,"href":"https:\/\/agora.xtec.cat\/ceipmontanyans\/wp-json\/wp\/v2\/posts\/1504\/revisions"}],"predecessor-version":[{"id":1856,"href":"https:\/\/agora.xtec.cat\/ceipmontanyans\/wp-json\/wp\/v2\/posts\/1504\/revisions\/1856"}],"wp:attachment":[{"href":"https:\/\/agora.xtec.cat\/ceipmontanyans\/wp-json\/wp\/v2\/media?parent=1504"}],"wp:term":[{"taxonomy":"category","embeddable":true,"href":"https:\/\/agora.xtec.cat\/ceipmontanyans\/wp-json\/wp\/v2\/categories?post=1504"},{"taxonomy":"post_tag","embeddable":true,"href":"https:\/\/agora.xtec.cat\/ceipmontanyans\/wp-json\/wp\/v2\/tags?post=1504"}],"curies":[{"name":"wp","href":"https:\/\/api.w.org\/{rel}","templated":true}]}}