{"id":9965,"date":"2024-01-31T13:00:16","date_gmt":"2024-01-31T12:00:16","guid":{"rendered":"https:\/\/agora.xtec.cat\/ceipmisericordia-reus\/?p=9965"},"modified":"2024-01-31T13:00:16","modified_gmt":"2024-01-31T12:00:16","slug":"el-ritme-de-lescola-16","status":"publish","type":"post","link":"https:\/\/agora.xtec.cat\/ceipmisericordia-reus\/general\/el-ritme-de-lescola-16\/","title":{"rendered":"EL RITME DE L&#8217;ESCOLA"},"content":{"rendered":"<p><span style=\"font-weight: 400;\">Hola a totes i a tots!<\/span><\/p>\n<p><span style=\"font-weight: 400;\">Arriba el Carnaval i el cos ens demana marxa!<\/span><\/p>\n<p><span style=\"font-weight: 400;\">A veure qui es pot resistir als Village People! Feu grups de 4 i tothom a ballar!<\/span><\/p>\n<p><a href=\"https:\/\/www.youtube.com\/watch?v=YCDCwuGcEmA\"><span style=\"font-weight: 400;\">https:\/\/www.youtube.com\/watch?v=YCDCwuGcEmA<\/span><\/a><\/p>\n<p><span style=\"font-weight: 400;\">Movent l\u2019esquelet,<\/span><\/p>\n<p><span style=\"font-weight: 400;\">La Comissi\u00f3 de M\u00e0rqueting i Promoci\u00f3.<\/span><\/p>\n<p><a href=\"https:\/\/agora.xtec.cat\/ceipmisericordia-reus\/wp-content\/uploads\/usu2066\/2024\/01\/CARTELLS-5.jpg\"><img loading=\"lazy\" decoding=\"async\" class=\"alignleft size-large wp-image-9966\" src=\"https:\/\/agora.xtec.cat\/ceipmisericordia-reus\/wp-content\/uploads\/usu2066\/2024\/01\/CARTELLS-5-724x1024.jpg\" alt=\"\" width=\"724\" height=\"1024\" srcset=\"https:\/\/agora.xtec.cat\/ceipmisericordia-reus\/wp-content\/uploads\/usu2066\/2024\/01\/CARTELLS-5-724x1024.jpg 724w, https:\/\/agora.xtec.cat\/ceipmisericordia-reus\/wp-content\/uploads\/usu2066\/2024\/01\/CARTELLS-5-212x300.jpg 212w, https:\/\/agora.xtec.cat\/ceipmisericordia-reus\/wp-content\/uploads\/usu2066\/2024\/01\/CARTELLS-5-768x1086.jpg 768w, https:\/\/agora.xtec.cat\/ceipmisericordia-reus\/wp-content\/uploads\/usu2066\/2024\/01\/CARTELLS-5-1086x1536.jpg 1086w, https:\/\/agora.xtec.cat\/ceipmisericordia-reus\/wp-content\/uploads\/usu2066\/2024\/01\/CARTELLS-5.jpg 1414w\" sizes=\"auto, (max-width: 724px) 100vw, 724px\" \/><\/a><\/p>\n","protected":false},"excerpt":{"rendered":"<p>Hola a totes i a tots!<br \/>\nArriba el Carnaval i el cos ens demana marxa!<br \/>\nA veure qui es pot resistir als Village People! Feu grups de 4 i tothom a ballar!<br \/>\n<a href=\"https:\/\/www.youtube.com\/watch?v=YCDCwuGcEmA\">https:\/\/www.youtube.com\/watch?v=YCDCwuGcEmA<\/a><br \/>\nMovent l\u2019esquelet,<br \/>\nLa Comissi\u00f3 de M\u00e0rqueting i Promoci\u00f3.<br \/>\n<a href=\"https:\/\/agora.xtec.cat\/ceipmisericordia-reus\/wp-content\/uploads\/usu2066\/2024\/01\/CARTELLS-5.jpg\"><\/a><\/p>\n","protected":false},"author":4,"featured_media":0,"comment_status":"open","ping_status":"closed","sticky":false,"template":"","format":"standard","meta":{"_bbp_topic_count":0,"_bbp_reply_count":0,"_bbp_total_topic_count":0,"_bbp_total_reply_count":0,"_bbp_voice_count":0,"_bbp_anonymous_reply_count":0,"_bbp_topic_count_hidden":0,"_bbp_reply_count_hidden":0,"_bbp_forum_subforum_count":0,"footnotes":""},"categories":[226,242,1,4],"tags":[],"class_list":["post-9965","post","type-post","status-publish","format-standard","hentry","category-canco-quinzenal","category-comissio-marqueting-i-promocio","category-general","category-portada"],"post_mailing_queue_ids":[],"_links":{"self":[{"href":"https:\/\/agora.xtec.cat\/ceipmisericordia-reus\/wp-json\/wp\/v2\/posts\/9965","targetHints":{"allow":["GET"]}}],"collection":[{"href":"https:\/\/agora.xtec.cat\/ceipmisericordia-reus\/wp-json\/wp\/v2\/posts"}],"about":[{"href":"https:\/\/agora.xtec.cat\/ceipmisericordia-reus\/wp-json\/wp\/v2\/types\/post"}],"author":[{"embeddable":true,"href":"https:\/\/agora.xtec.cat\/ceipmisericordia-reus\/wp-json\/wp\/v2\/users\/4"}],"replies":[{"embeddable":true,"href":"https:\/\/agora.xtec.cat\/ceipmisericordia-reus\/wp-json\/wp\/v2\/comments?post=9965"}],"version-history":[{"count":1,"href":"https:\/\/agora.xtec.cat\/ceipmisericordia-reus\/wp-json\/wp\/v2\/posts\/9965\/revisions"}],"predecessor-version":[{"id":9967,"href":"https:\/\/agora.xtec.cat\/ceipmisericordia-reus\/wp-json\/wp\/v2\/posts\/9965\/revisions\/9967"}],"wp:attachment":[{"href":"https:\/\/agora.xtec.cat\/ceipmisericordia-reus\/wp-json\/wp\/v2\/media?parent=9965"}],"wp:term":[{"taxonomy":"category","embeddable":true,"href":"https:\/\/agora.xtec.cat\/ceipmisericordia-reus\/wp-json\/wp\/v2\/categories?post=9965"},{"taxonomy":"post_tag","embeddable":true,"href":"https:\/\/agora.xtec.cat\/ceipmisericordia-reus\/wp-json\/wp\/v2\/tags?post=9965"}],"curies":[{"name":"wp","href":"https:\/\/api.w.org\/{rel}","templated":true}]}}