{"id":9870,"date":"2024-01-14T20:29:50","date_gmt":"2024-01-14T19:29:50","guid":{"rendered":"https:\/\/agora.xtec.cat\/ceipmisericordia-reus\/?p=9870"},"modified":"2024-01-14T20:29:50","modified_gmt":"2024-01-14T19:29:50","slug":"infants-ciutadans-5e-2","status":"publish","type":"post","link":"https:\/\/agora.xtec.cat\/ceipmisericordia-reus\/general\/infants-ciutadans-5e-2\/","title":{"rendered":"INFANTS CIUTADANS 5\u00e8"},"content":{"rendered":"<p>Avui a la classe de 5\u00e8 hem rebut la visita del Pedro, agent de la Gu\u00e0rdia Urbana de Reus. Aquesta sessi\u00f3 forma part del programa Infants Ciutadans, que aquest any va sobre la mobilitat saludable. <a href=\"https:\/\/www.facebook.com\/hashtag\/escolamisericordiadereus?__eep__=6&amp;__cft__%5b0%5d=AZXwBsVv4S65JPpOvw4Ev04q4jtUbm8_25Qm6vxxehu8aHQkKk29piGl-XyA2_jzcU_QQfpe5fCu139t5GKEhwpe7E12J_X_rGfHywVfFx2JIQ&amp;__tn__=*NK-R\">#escolamisericordiadereus<\/a> <a href=\"https:\/\/www.facebook.com\/hashtag\/infantsciutadansreus?__eep__=6&amp;__cft__%5b0%5d=AZXwBsVv4S65JPpOvw4Ev04q4jtUbm8_25Qm6vxxehu8aHQkKk29piGl-XyA2_jzcU_QQfpe5fCu139t5GKEhwpe7E12J_X_rGfHywVfFx2JIQ&amp;__tn__=*NK-R\">#infantsciutadansreus<\/a> \u00a0@reus_cat <a href=\"https:\/\/www.facebook.com\/hashtag\/reus?__eep__=6&amp;__cft__%5b0%5d=AZXwBsVv4S65JPpOvw4Ev04q4jtUbm8_25Qm6vxxehu8aHQkKk29piGl-XyA2_jzcU_QQfpe5fCu139t5GKEhwpe7E12J_X_rGfHywVfFx2JIQ&amp;__tn__=*NK-R\">#Reus<\/a> <a href=\"https:\/\/www.facebook.com\/hashtag\/monmisericordia?__eep__=6&amp;__cft__%5b0%5d=AZXwBsVv4S65JPpOvw4Ev04q4jtUbm8_25Qm6vxxehu8aHQkKk29piGl-XyA2_jzcU_QQfpe5fCu139t5GKEhwpe7E12J_X_rGfHywVfFx2JIQ&amp;__tn__=*NK-R\">#monmisericordia<\/a><\/p>\n<p><a href=\"https:\/\/agora.xtec.cat\/ceipmisericordia-reus\/wp-content\/uploads\/usu2066\/2024\/01\/1-10-scaled.jpg\"><img loading=\"lazy\" decoding=\"async\" class=\"alignleft size-medium wp-image-9871\" src=\"https:\/\/agora.xtec.cat\/ceipmisericordia-reus\/wp-content\/uploads\/usu2066\/2024\/01\/1-10-300x225.jpg\" alt=\"\" width=\"300\" height=\"225\" srcset=\"https:\/\/agora.xtec.cat\/ceipmisericordia-reus\/wp-content\/uploads\/usu2066\/2024\/01\/1-10-300x225.jpg 300w, https:\/\/agora.xtec.cat\/ceipmisericordia-reus\/wp-content\/uploads\/usu2066\/2024\/01\/1-10-1024x768.jpg 1024w, https:\/\/agora.xtec.cat\/ceipmisericordia-reus\/wp-content\/uploads\/usu2066\/2024\/01\/1-10-768x576.jpg 768w, https:\/\/agora.xtec.cat\/ceipmisericordia-reus\/wp-content\/uploads\/usu2066\/2024\/01\/1-10-1536x1152.jpg 1536w, https:\/\/agora.xtec.cat\/ceipmisericordia-reus\/wp-content\/uploads\/usu2066\/2024\/01\/1-10-2048x1536.jpg 2048w, https:\/\/agora.xtec.cat\/ceipmisericordia-reus\/wp-content\/uploads\/usu2066\/2024\/01\/1-10-200x150.jpg 200w\" sizes=\"auto, (max-width: 300px) 100vw, 300px\" \/><\/a><\/p>\n<p>&nbsp;<\/p>\n","protected":false},"excerpt":{"rendered":"<p>Avui a la classe de 5\u00e8 hem rebut la visita del Pedro, agent de la Gu\u00e0rdia Urbana de Reus. Aquesta sessi\u00f3 forma part del programa Infants Ciutadans, que aquest any va sobre la mobilitat saludable. <a href=\"https:\/\/www.facebook.com\/hashtag\/escolamisericordiadereus?__eep__=6&amp;__cft__%5b0%5d=AZXwBsVv4S65JPpOvw4Ev04q4jtUbm8_25Qm6vxxehu8aHQkKk29piGl-XyA2_jzcU_QQfpe5fCu139t5GKEhwpe7E12J_X_rGfHywVfFx2JIQ&amp;__tn__=*NK-R\">#escolamisericordiadereus<\/a> <a href=\"https:\/\/www.facebook.com\/hashtag\/infantsciutadansreus?__eep__=6&amp;__cft__%5b0%5d=AZXwBsVv4S65JPpOvw4Ev04q4jtUbm8_25Qm6vxxehu8aHQkKk29piGl-XyA2_jzcU_QQfpe5fCu139t5GKEhwpe7E12J_X_rGfHywVfFx2JIQ&amp;__tn__=*NK-R\">#infantsciutadansreus<\/a> \u00a0@reus_cat <a href=\"https:\/\/www.facebook.com\/hashtag\/reus?__eep__=6&amp;__cft__%5b0%5d=AZXwBsVv4S65JPpOvw4Ev04q4jtUbm8_25Qm6vxxehu8aHQkKk29piGl-XyA2_jzcU_QQfpe5fCu139t5GKEhwpe7E12J_X_rGfHywVfFx2JIQ&amp;__tn__=*NK-R\">#Reus<\/a> <a href=\"https:\/\/www.facebook.com\/hashtag\/monmisericordia?__eep__=6&amp;__cft__%5b0%5d=AZXwBsVv4S65JPpOvw4Ev04q4jtUbm8_25Qm6vxxehu8aHQkKk29piGl-XyA2_jzcU_QQfpe5fCu139t5GKEhwpe7E12J_X_rGfHywVfFx2JIQ&amp;__tn__=*NK-R\">#monmisericordia<\/a><br \/>\n<a href=\"https:\/\/agora.xtec.cat\/ceipmisericordia-reus\/wp-content\/uploads\/usu2066\/2024\/01\/1-10-scaled.jpg\"><\/a><br \/>\n&nbsp;<\/p>\n","protected":false},"author":4,"featured_media":0,"comment_status":"open","ping_status":"closed","sticky":false,"template":"","format":"standard","meta":{"_bbp_topic_count":0,"_bbp_reply_count":0,"_bbp_total_topic_count":0,"_bbp_total_reply_count":0,"_bbp_voice_count":0,"_bbp_anonymous_reply_count":0,"_bbp_topic_count_hidden":0,"_bbp_reply_count_hidden":0,"_bbp_forum_subforum_count":0,"footnotes":""},"categories":[14,92,80,91,1,4],"tags":[],"class_list":["post-9870","post","type-post","status-publish","format-standard","hentry","category-5e","category-activitats-al-centre","category-cicle-superior","category-ed-primaria","category-general","category-portada"],"post_mailing_queue_ids":[],"_links":{"self":[{"href":"https:\/\/agora.xtec.cat\/ceipmisericordia-reus\/wp-json\/wp\/v2\/posts\/9870","targetHints":{"allow":["GET"]}}],"collection":[{"href":"https:\/\/agora.xtec.cat\/ceipmisericordia-reus\/wp-json\/wp\/v2\/posts"}],"about":[{"href":"https:\/\/agora.xtec.cat\/ceipmisericordia-reus\/wp-json\/wp\/v2\/types\/post"}],"author":[{"embeddable":true,"href":"https:\/\/agora.xtec.cat\/ceipmisericordia-reus\/wp-json\/wp\/v2\/users\/4"}],"replies":[{"embeddable":true,"href":"https:\/\/agora.xtec.cat\/ceipmisericordia-reus\/wp-json\/wp\/v2\/comments?post=9870"}],"version-history":[{"count":1,"href":"https:\/\/agora.xtec.cat\/ceipmisericordia-reus\/wp-json\/wp\/v2\/posts\/9870\/revisions"}],"predecessor-version":[{"id":9872,"href":"https:\/\/agora.xtec.cat\/ceipmisericordia-reus\/wp-json\/wp\/v2\/posts\/9870\/revisions\/9872"}],"wp:attachment":[{"href":"https:\/\/agora.xtec.cat\/ceipmisericordia-reus\/wp-json\/wp\/v2\/media?parent=9870"}],"wp:term":[{"taxonomy":"category","embeddable":true,"href":"https:\/\/agora.xtec.cat\/ceipmisericordia-reus\/wp-json\/wp\/v2\/categories?post=9870"},{"taxonomy":"post_tag","embeddable":true,"href":"https:\/\/agora.xtec.cat\/ceipmisericordia-reus\/wp-json\/wp\/v2\/tags?post=9870"}],"curies":[{"name":"wp","href":"https:\/\/api.w.org\/{rel}","templated":true}]}}