{"id":9737,"date":"2023-12-01T09:07:49","date_gmt":"2023-12-01T08:07:49","guid":{"rendered":"https:\/\/agora.xtec.cat\/ceipmisericordia-reus\/?p=9737"},"modified":"2023-12-01T09:07:49","modified_gmt":"2023-12-01T08:07:49","slug":"vincles-teatre-fortuny","status":"publish","type":"post","link":"https:\/\/agora.xtec.cat\/ceipmisericordia-reus\/general\/vincles-teatre-fortuny\/","title":{"rendered":"VINCLES &#8211; TEATRE FORTUNY"},"content":{"rendered":"<div class=\"xdj266r x11i5rnm xat24cr x1mh8g0r x1vvkbs x126k92a\">\n<div dir=\"auto\">L\u2019alumnat de 5\u00e8 hem tornat al Teatre Fortuny pel projecte Vincles! Hem tingut l\u2019oportunitat d\u2019assistir i formar part de la roda de premsa de la presentaci\u00f3 de la programaci\u00f3 del primer semestre del 2024 del Teatre Fortuny!<\/div>\n<div dir=\"auto\"><\/div>\n<div dir=\"auto\">Hem estat acompanyades per la Sandra Guaita (alcaldessa de Reus), pel Daniel Recasens (regidor de cultura), per la Pilar L\u00f3pez (regidora d\u2019educaci\u00f3), per la Noem\u00ed Llaurad\u00f3 (presidenta de la Diputaci\u00f3 de Tarragona) i pel director art\u00edstic del Teatre Fortuny, Francesc Cerro.<\/div>\n<div dir=\"auto\"><\/div>\n<div dir=\"auto\">Tamb\u00e9 hem format part de la lectura del manifest per commemorar el Dia Internacional de la Ciutat Educadora.<\/div>\n<div dir=\"auto\"><\/div>\n<div dir=\"auto\">Moltes gr\u00e0cies per aquesta oportunitat!<\/div>\n<\/div>\n<div dir=\"auto\"><\/div>\n<div dir=\"auto\"><a href=\"https:\/\/agora.xtec.cat\/ceipmisericordia-reus\/wp-content\/uploads\/usu2066\/2023\/12\/IMG_3818_11zon-scaled.jpg\"><img loading=\"lazy\" decoding=\"async\" class=\"alignleft size-thumbnail wp-image-9738\" src=\"https:\/\/agora.xtec.cat\/ceipmisericordia-reus\/wp-content\/uploads\/usu2066\/2023\/12\/IMG_3818_11zon-150x150.jpg\" alt=\"\" width=\"150\" height=\"150\" \/><\/a><\/div>\n","protected":false},"excerpt":{"rendered":"<p>L\u2019alumnat de 5\u00e8 hem tornat al Teatre Fortuny pel projecte Vincles! Hem tingut l\u2019oportunitat d\u2019assistir i formar part de la roda de premsa de la presentaci\u00f3 de la programaci\u00f3 del primer semestre del 2024 del Teatre Fortuny!<\/p>\n<p>Hem estat acompanyades per la Sandra Guaita (alcaldessa de&hellip;  <a href=\"https:\/\/agora.xtec.cat\/ceipmisericordia-reus\/general\/vincles-teatre-fortuny\/\" title=\"Read VINCLES &#8211; TEATRE FORTUNY\">Llegeix m\u00e9s\u00bb<\/a><\/p>\n","protected":false},"author":4,"featured_media":0,"comment_status":"open","ping_status":"closed","sticky":false,"template":"","format":"standard","meta":{"_bbp_topic_count":0,"_bbp_reply_count":0,"_bbp_total_topic_count":0,"_bbp_total_reply_count":0,"_bbp_voice_count":0,"_bbp_anonymous_reply_count":0,"_bbp_topic_count_hidden":0,"_bbp_reply_count_hidden":0,"_bbp_forum_subforum_count":0,"footnotes":""},"categories":[14,1,97,4,225],"tags":[416],"class_list":["post-9737","post","type-post","status-publish","format-standard","hentry","category-5e","category-general","category-noticies","category-portada","category-projecte-vincles","tag-escolamisericordiadereus-escolapublica-reus-teatrefortuny-reuscultura-reuseducacio-vincles-reusciutateducadora-educatingcityday-monmisericordia"],"post_mailing_queue_ids":[],"_links":{"self":[{"href":"https:\/\/agora.xtec.cat\/ceipmisericordia-reus\/wp-json\/wp\/v2\/posts\/9737","targetHints":{"allow":["GET"]}}],"collection":[{"href":"https:\/\/agora.xtec.cat\/ceipmisericordia-reus\/wp-json\/wp\/v2\/posts"}],"about":[{"href":"https:\/\/agora.xtec.cat\/ceipmisericordia-reus\/wp-json\/wp\/v2\/types\/post"}],"author":[{"embeddable":true,"href":"https:\/\/agora.xtec.cat\/ceipmisericordia-reus\/wp-json\/wp\/v2\/users\/4"}],"replies":[{"embeddable":true,"href":"https:\/\/agora.xtec.cat\/ceipmisericordia-reus\/wp-json\/wp\/v2\/comments?post=9737"}],"version-history":[{"count":1,"href":"https:\/\/agora.xtec.cat\/ceipmisericordia-reus\/wp-json\/wp\/v2\/posts\/9737\/revisions"}],"predecessor-version":[{"id":9739,"href":"https:\/\/agora.xtec.cat\/ceipmisericordia-reus\/wp-json\/wp\/v2\/posts\/9737\/revisions\/9739"}],"wp:attachment":[{"href":"https:\/\/agora.xtec.cat\/ceipmisericordia-reus\/wp-json\/wp\/v2\/media?parent=9737"}],"wp:term":[{"taxonomy":"category","embeddable":true,"href":"https:\/\/agora.xtec.cat\/ceipmisericordia-reus\/wp-json\/wp\/v2\/categories?post=9737"},{"taxonomy":"post_tag","embeddable":true,"href":"https:\/\/agora.xtec.cat\/ceipmisericordia-reus\/wp-json\/wp\/v2\/tags?post=9737"}],"curies":[{"name":"wp","href":"https:\/\/api.w.org\/{rel}","templated":true}]}}