{"id":9726,"date":"2023-11-29T09:57:13","date_gmt":"2023-11-29T08:57:13","guid":{"rendered":"https:\/\/agora.xtec.cat\/ceipmisericordia-reus\/?p=9726"},"modified":"2023-11-29T09:57:13","modified_gmt":"2023-11-29T08:57:13","slug":"visita-a-la-deixalleria-mobil","status":"publish","type":"post","link":"https:\/\/agora.xtec.cat\/ceipmisericordia-reus\/general\/visita-a-la-deixalleria-mobil\/","title":{"rendered":"VISITA A LA DEIXALLERIA M\u00d2BIL"},"content":{"rendered":"<p>Els\/les alumnes de 2n hem visitat la Deixalleria M\u00f2bil i hem reciclat diferents materials com ara piles, endolls, cables&#8230;, si voleu con\u00e8ixer m\u00e9s informaci\u00f3 podeu clicar a l\u2019enlla\u00e7 seg\u00fcent<br \/>\n<a href=\"https:\/\/www.reus.cat\/deixalleries\">https:\/\/www.reus.cat\/deixalleries<\/a><\/p>\n<p><a href=\"https:\/\/agora.xtec.cat\/ceipmisericordia-reus\/wp-content\/uploads\/usu2066\/2023\/11\/20231128_112125-scaled.jpg\"><img loading=\"lazy\" decoding=\"async\" class=\"alignleft size-thumbnail wp-image-9727\" src=\"https:\/\/agora.xtec.cat\/ceipmisericordia-reus\/wp-content\/uploads\/usu2066\/2023\/11\/20231128_112125-150x150.jpg\" alt=\"\" width=\"150\" height=\"150\" \/><\/a><\/p>\n","protected":false},"excerpt":{"rendered":"<p>Els\/les alumnes de 2n hem visitat la Deixalleria M\u00f2bil i hem reciclat diferents materials com ara piles, endolls, cables&#8230;, si voleu con\u00e8ixer m\u00e9s informaci\u00f3 podeu clicar a l\u2019enlla\u00e7 seg\u00fcent<br \/>\n<a href=\"https:\/\/www.reus.cat\/deixalleries\">https:\/\/www.reus.cat\/deixalleries<\/a><br \/>\n<a href=\"https:\/\/agora.xtec.cat\/ceipmisericordia-reus\/wp-content\/uploads\/usu2066\/2023\/11\/20231128_112125-scaled.jpg\"><\/a><\/p>\n","protected":false},"author":4,"featured_media":0,"comment_status":"open","ping_status":"closed","sticky":false,"template":"","format":"standard","meta":{"_bbp_topic_count":0,"_bbp_reply_count":0,"_bbp_total_topic_count":0,"_bbp_total_reply_count":0,"_bbp_voice_count":0,"_bbp_anonymous_reply_count":0,"_bbp_topic_count_hidden":0,"_bbp_reply_count_hidden":0,"_bbp_forum_subforum_count":0,"footnotes":""},"categories":[11,92,1,97,4],"tags":[414],"class_list":["post-9726","post","type-post","status-publish","format-standard","hentry","category-2n","category-activitats-al-centre","category-general","category-noticies","category-portada","tag-escolamisericordiadereus-escolapublica-reus-escolaverda-monmisericordia"],"post_mailing_queue_ids":[],"_links":{"self":[{"href":"https:\/\/agora.xtec.cat\/ceipmisericordia-reus\/wp-json\/wp\/v2\/posts\/9726","targetHints":{"allow":["GET"]}}],"collection":[{"href":"https:\/\/agora.xtec.cat\/ceipmisericordia-reus\/wp-json\/wp\/v2\/posts"}],"about":[{"href":"https:\/\/agora.xtec.cat\/ceipmisericordia-reus\/wp-json\/wp\/v2\/types\/post"}],"author":[{"embeddable":true,"href":"https:\/\/agora.xtec.cat\/ceipmisericordia-reus\/wp-json\/wp\/v2\/users\/4"}],"replies":[{"embeddable":true,"href":"https:\/\/agora.xtec.cat\/ceipmisericordia-reus\/wp-json\/wp\/v2\/comments?post=9726"}],"version-history":[{"count":1,"href":"https:\/\/agora.xtec.cat\/ceipmisericordia-reus\/wp-json\/wp\/v2\/posts\/9726\/revisions"}],"predecessor-version":[{"id":9728,"href":"https:\/\/agora.xtec.cat\/ceipmisericordia-reus\/wp-json\/wp\/v2\/posts\/9726\/revisions\/9728"}],"wp:attachment":[{"href":"https:\/\/agora.xtec.cat\/ceipmisericordia-reus\/wp-json\/wp\/v2\/media?parent=9726"}],"wp:term":[{"taxonomy":"category","embeddable":true,"href":"https:\/\/agora.xtec.cat\/ceipmisericordia-reus\/wp-json\/wp\/v2\/categories?post=9726"},{"taxonomy":"post_tag","embeddable":true,"href":"https:\/\/agora.xtec.cat\/ceipmisericordia-reus\/wp-json\/wp\/v2\/tags?post=9726"}],"curies":[{"name":"wp","href":"https:\/\/api.w.org\/{rel}","templated":true}]}}