{"id":9694,"date":"2023-11-22T18:28:29","date_gmt":"2023-11-22T17:28:29","guid":{"rendered":"https:\/\/agora.xtec.cat\/ceipmisericordia-reus\/?p=9694"},"modified":"2023-11-22T18:28:29","modified_gmt":"2023-11-22T17:28:29","slug":"la-revolucio-de-les-aixetes-a-2n","status":"publish","type":"post","link":"https:\/\/agora.xtec.cat\/ceipmisericordia-reus\/portada\/la-revolucio-de-les-aixetes-a-2n\/","title":{"rendered":"LA REVOLUCI\u00d3 DE LES AIXETES A 2n"},"content":{"rendered":"<p><span class=\"css-1qaijid r-bcqeeo r-qvutc0 r-poiln3\">LA REVOLUCI\u00d3 DE LES AIXETES. La Classe del Taur\u00f3 vam gaudir molt\u00edssim amb l\u2019escolta i participaci\u00f3 d\u2019aquest conte sobre la import\u00e0ncia de no malgastar l\u2019aigua de l&#8217;aixeta. <\/span><span class=\"r-18u37iz\"><a class=\"css-1qaijid r-bcqeeo r-qvutc0 r-poiln3 r-1loqt21\" dir=\"ltr\" role=\"link\" href=\"https:\/\/twitter.com\/hashtag\/escolamisericordiadereus?src=hashtag_click\">#escolamisericordiadereus<\/a><\/span> <span class=\"r-18u37iz\"><a class=\"css-1qaijid r-bcqeeo r-qvutc0 r-poiln3 r-1loqt21\" dir=\"ltr\" role=\"link\" href=\"https:\/\/twitter.com\/hashtag\/escolap%C3%BAblica?src=hashtag_click\">#escolap\u00fablica<\/a><\/span> <span class=\"r-18u37iz\"><a class=\"css-1qaijid r-bcqeeo r-qvutc0 r-poiln3 r-1loqt21\" dir=\"ltr\" role=\"link\" href=\"https:\/\/twitter.com\/hashtag\/Reus?src=hashtag_click\">#Reus<\/a><\/span> <span class=\"r-18u37iz\"><a class=\"css-1qaijid r-bcqeeo r-qvutc0 r-poiln3 r-1loqt21\" dir=\"ltr\" role=\"link\" href=\"https:\/\/twitter.com\/hashtag\/monmisericordia?src=hashtag_click\">#monmisericordia<\/a><\/span><a href=\"https:\/\/agora.xtec.cat\/ceipmisericordia-reus\/wp-content\/uploads\/usu2066\/2023\/11\/n-scaled.jpg\"><img loading=\"lazy\" decoding=\"async\" class=\"alignleft size-large wp-image-9695\" src=\"https:\/\/agora.xtec.cat\/ceipmisericordia-reus\/wp-content\/uploads\/usu2066\/2023\/11\/n-1024x768.jpg\" alt=\"\" width=\"1024\" height=\"768\" srcset=\"https:\/\/agora.xtec.cat\/ceipmisericordia-reus\/wp-content\/uploads\/usu2066\/2023\/11\/n-1024x768.jpg 1024w, https:\/\/agora.xtec.cat\/ceipmisericordia-reus\/wp-content\/uploads\/usu2066\/2023\/11\/n-300x225.jpg 300w, https:\/\/agora.xtec.cat\/ceipmisericordia-reus\/wp-content\/uploads\/usu2066\/2023\/11\/n-768x576.jpg 768w, https:\/\/agora.xtec.cat\/ceipmisericordia-reus\/wp-content\/uploads\/usu2066\/2023\/11\/n-1536x1152.jpg 1536w, https:\/\/agora.xtec.cat\/ceipmisericordia-reus\/wp-content\/uploads\/usu2066\/2023\/11\/n-2048x1536.jpg 2048w, https:\/\/agora.xtec.cat\/ceipmisericordia-reus\/wp-content\/uploads\/usu2066\/2023\/11\/n-200x150.jpg 200w\" sizes=\"auto, (max-width: 1024px) 100vw, 1024px\" \/><\/a><\/p>\n","protected":false},"excerpt":{"rendered":"<p>LA REVOLUCI\u00d3 DE LES AIXETES. La Classe del Taur\u00f3 vam gaudir molt\u00edssim amb l\u2019escolta i participaci\u00f3 d\u2019aquest conte sobre la import\u00e0ncia de no malgastar l\u2019aigua de l&#8217;aixeta. <a class=\"css-1qaijid r-bcqeeo r-qvutc0 r-poiln3 r-1loqt21\" dir=\"ltr\" role=\"link\" href=\"https:\/\/twitter.com\/hashtag\/escolamisericordiadereus?src=hashtag_click\">#escolamisericordiadereus<\/a> <a class=\"css-1qaijid r-bcqeeo r-qvutc0 r-poiln3 r-1loqt21\" dir=\"ltr\" role=\"link\" href=\"https:\/\/twitter.com\/hashtag\/escolap%C3%BAblica?src=hashtag_click\">#escolap\u00fablica<\/a>&hellip;  <a href=\"https:\/\/agora.xtec.cat\/ceipmisericordia-reus\/portada\/la-revolucio-de-les-aixetes-a-2n\/\" title=\"Read LA REVOLUCI\u00d3 DE LES AIXETES A 2n\">Llegeix m\u00e9s\u00bb<\/a><\/p>\n","protected":false},"author":4,"featured_media":0,"comment_status":"open","ping_status":"closed","sticky":false,"template":"","format":"standard","meta":{"_bbp_topic_count":0,"_bbp_reply_count":0,"_bbp_total_topic_count":0,"_bbp_total_reply_count":0,"_bbp_voice_count":0,"_bbp_anonymous_reply_count":0,"_bbp_topic_count_hidden":0,"_bbp_reply_count_hidden":0,"_bbp_forum_subforum_count":0,"footnotes":""},"categories":[11,74,91,4],"tags":[],"class_list":["post-9694","post","type-post","status-publish","format-standard","hentry","category-2n","category-cicle-inicial","category-ed-primaria","category-portada"],"post_mailing_queue_ids":[],"_links":{"self":[{"href":"https:\/\/agora.xtec.cat\/ceipmisericordia-reus\/wp-json\/wp\/v2\/posts\/9694","targetHints":{"allow":["GET"]}}],"collection":[{"href":"https:\/\/agora.xtec.cat\/ceipmisericordia-reus\/wp-json\/wp\/v2\/posts"}],"about":[{"href":"https:\/\/agora.xtec.cat\/ceipmisericordia-reus\/wp-json\/wp\/v2\/types\/post"}],"author":[{"embeddable":true,"href":"https:\/\/agora.xtec.cat\/ceipmisericordia-reus\/wp-json\/wp\/v2\/users\/4"}],"replies":[{"embeddable":true,"href":"https:\/\/agora.xtec.cat\/ceipmisericordia-reus\/wp-json\/wp\/v2\/comments?post=9694"}],"version-history":[{"count":1,"href":"https:\/\/agora.xtec.cat\/ceipmisericordia-reus\/wp-json\/wp\/v2\/posts\/9694\/revisions"}],"predecessor-version":[{"id":9696,"href":"https:\/\/agora.xtec.cat\/ceipmisericordia-reus\/wp-json\/wp\/v2\/posts\/9694\/revisions\/9696"}],"wp:attachment":[{"href":"https:\/\/agora.xtec.cat\/ceipmisericordia-reus\/wp-json\/wp\/v2\/media?parent=9694"}],"wp:term":[{"taxonomy":"category","embeddable":true,"href":"https:\/\/agora.xtec.cat\/ceipmisericordia-reus\/wp-json\/wp\/v2\/categories?post=9694"},{"taxonomy":"post_tag","embeddable":true,"href":"https:\/\/agora.xtec.cat\/ceipmisericordia-reus\/wp-json\/wp\/v2\/tags?post=9694"}],"curies":[{"name":"wp","href":"https:\/\/api.w.org\/{rel}","templated":true}]}}