{"id":9685,"date":"2023-11-15T12:53:17","date_gmt":"2023-11-15T11:53:17","guid":{"rendered":"https:\/\/agora.xtec.cat\/ceipmisericordia-reus\/?p=9685"},"modified":"2023-11-16T18:09:32","modified_gmt":"2023-11-16T17:09:32","slug":"el-ritme-de-lescola-13","status":"publish","type":"post","link":"https:\/\/agora.xtec.cat\/ceipmisericordia-reus\/general\/el-ritme-de-lescola-13\/","title":{"rendered":"El ritme de l&#8217;escola"},"content":{"rendered":"<p>Hola a totes i a tots!<\/p>\n<p>El grup <i>Huntza<\/i> us convida a respirar l\u2019aire fresc de la natura amb la can\u00e7\u00f3 en euskera \u201c<i>Aldapan Gora<\/i>\u201d.<\/p>\n<p>Us deixem l&#8217;enlla\u00e7 del Youtube per a qu\u00e8 la gaudiu tant com vulgueu!<\/p>\n<p><iframe loading=\"lazy\" title=\"Huntza - Aldapan Gora (Bideoklip ofiziala - Official video)\" width=\"500\" height=\"281\" src=\"https:\/\/www.youtube.com\/embed\/ONsp-SMT6is?feature=oembed\" frameborder=\"0\" allow=\"accelerometer; autoplay; clipboard-write; encrypted-media; gyroscope; picture-in-picture; web-share\" referrerpolicy=\"strict-origin-when-cross-origin\" allowfullscreen><\/iframe><\/p>\n<p>Atentament,<\/p>\n<p>La Comissi\u00f3 de M\u00e0rqueting i Promoci\u00f3.<\/p>\n<p><a href=\"https:\/\/agora.xtec.cat\/ceipmisericordia-reus\/wp-content\/uploads\/usu2066\/2023\/11\/Aldapan-Gora.jpg\"><img loading=\"lazy\" decoding=\"async\" class=\"alignleft size-large wp-image-9686\" src=\"https:\/\/agora.xtec.cat\/ceipmisericordia-reus\/wp-content\/uploads\/usu2066\/2023\/11\/Aldapan-Gora-724x1024.jpg\" alt=\"\" width=\"724\" height=\"1024\" srcset=\"https:\/\/agora.xtec.cat\/ceipmisericordia-reus\/wp-content\/uploads\/usu2066\/2023\/11\/Aldapan-Gora-724x1024.jpg 724w, https:\/\/agora.xtec.cat\/ceipmisericordia-reus\/wp-content\/uploads\/usu2066\/2023\/11\/Aldapan-Gora-212x300.jpg 212w, https:\/\/agora.xtec.cat\/ceipmisericordia-reus\/wp-content\/uploads\/usu2066\/2023\/11\/Aldapan-Gora-768x1086.jpg 768w, https:\/\/agora.xtec.cat\/ceipmisericordia-reus\/wp-content\/uploads\/usu2066\/2023\/11\/Aldapan-Gora-1086x1536.jpg 1086w, https:\/\/agora.xtec.cat\/ceipmisericordia-reus\/wp-content\/uploads\/usu2066\/2023\/11\/Aldapan-Gora.jpg 1414w\" sizes=\"auto, (max-width: 724px) 100vw, 724px\" \/><\/a><\/p>\n","protected":false},"excerpt":{"rendered":"<p>Hola a totes i a tots!<br \/>\nEl grup Huntza us convida a respirar l\u2019aire fresc de la natura amb la can\u00e7\u00f3 en euskera \u201cAldapan Gora\u201d.<br \/>\nUs deixem l&#8217;enlla\u00e7 del Youtube per a qu\u00e8 la gaudiu tant com vulgueu!<\/p>\n<p>Atentament,<br \/>\nLa Comissi\u00f3 de M\u00e0rqueting i Promoci\u00f3.<br \/>\n<a href=\"https:\/\/agora.xtec.cat\/ceipmisericordia-reus\/wp-content\/uploads\/usu2066\/2023\/11\/Aldapan-Gora.jpg\"><\/a><\/p>\n","protected":false},"author":4,"featured_media":0,"comment_status":"open","ping_status":"closed","sticky":false,"template":"","format":"standard","meta":{"_bbp_topic_count":0,"_bbp_reply_count":0,"_bbp_total_topic_count":0,"_bbp_total_reply_count":0,"_bbp_voice_count":0,"_bbp_anonymous_reply_count":0,"_bbp_topic_count_hidden":0,"_bbp_reply_count_hidden":0,"_bbp_forum_subforum_count":0,"footnotes":""},"categories":[226,242,1,4],"tags":[],"class_list":["post-9685","post","type-post","status-publish","format-standard","hentry","category-canco-quinzenal","category-comissio-marqueting-i-promocio","category-general","category-portada"],"post_mailing_queue_ids":[],"_links":{"self":[{"href":"https:\/\/agora.xtec.cat\/ceipmisericordia-reus\/wp-json\/wp\/v2\/posts\/9685","targetHints":{"allow":["GET"]}}],"collection":[{"href":"https:\/\/agora.xtec.cat\/ceipmisericordia-reus\/wp-json\/wp\/v2\/posts"}],"about":[{"href":"https:\/\/agora.xtec.cat\/ceipmisericordia-reus\/wp-json\/wp\/v2\/types\/post"}],"author":[{"embeddable":true,"href":"https:\/\/agora.xtec.cat\/ceipmisericordia-reus\/wp-json\/wp\/v2\/users\/4"}],"replies":[{"embeddable":true,"href":"https:\/\/agora.xtec.cat\/ceipmisericordia-reus\/wp-json\/wp\/v2\/comments?post=9685"}],"version-history":[{"count":1,"href":"https:\/\/agora.xtec.cat\/ceipmisericordia-reus\/wp-json\/wp\/v2\/posts\/9685\/revisions"}],"predecessor-version":[{"id":9687,"href":"https:\/\/agora.xtec.cat\/ceipmisericordia-reus\/wp-json\/wp\/v2\/posts\/9685\/revisions\/9687"}],"wp:attachment":[{"href":"https:\/\/agora.xtec.cat\/ceipmisericordia-reus\/wp-json\/wp\/v2\/media?parent=9685"}],"wp:term":[{"taxonomy":"category","embeddable":true,"href":"https:\/\/agora.xtec.cat\/ceipmisericordia-reus\/wp-json\/wp\/v2\/categories?post=9685"},{"taxonomy":"post_tag","embeddable":true,"href":"https:\/\/agora.xtec.cat\/ceipmisericordia-reus\/wp-json\/wp\/v2\/tags?post=9685"}],"curies":[{"name":"wp","href":"https:\/\/api.w.org\/{rel}","templated":true}]}}