{"id":9513,"date":"2023-10-04T12:43:17","date_gmt":"2023-10-04T10:43:17","guid":{"rendered":"https:\/\/agora.xtec.cat\/ceipmisericordia-reus\/?p=9513"},"modified":"2023-10-09T20:14:51","modified_gmt":"2023-10-09T18:14:51","slug":"ritme-de-lescola-2","status":"publish","type":"post","link":"https:\/\/agora.xtec.cat\/ceipmisericordia-reus\/general\/ritme-de-lescola-2\/","title":{"rendered":"RITME DE L&#8217;ESCOLA"},"content":{"rendered":"<p>Hola a tots i totes!<\/p>\n<p><span style=\"font-family: inherit; font-size: 1em;\">Donem la benvinguda a la tardor amb el Primer Moviment de la Tardor de les Quatre Estacions de Vivaldi.<\/span><\/p>\n<p>Us deixem l\u2019enlla\u00e7 del Youtube per a qu\u00e8 la gaudiu tant com vulgueu!<\/p>\n<p><span style=\"font-family: inherit; font-size: 1em;\">Esperem que us agradi \ud83d\ude42<\/span><\/p>\n<p>La Comissi\u00f3 de Marqu\u00e8ting i Promoci\u00f3.<\/p>\n<p><a href=\"https:\/\/agora.xtec.cat\/ceipmisericordia-reus\/wp-content\/uploads\/usu2066\/2023\/10\/La-tardor.jpg\"><img loading=\"lazy\" decoding=\"async\" class=\"size-large wp-image-9515 alignleft\" src=\"https:\/\/agora.xtec.cat\/ceipmisericordia-reus\/wp-content\/uploads\/usu2066\/2023\/10\/La-tardor-724x1024.jpg\" alt=\"\" width=\"724\" height=\"1024\" srcset=\"https:\/\/agora.xtec.cat\/ceipmisericordia-reus\/wp-content\/uploads\/usu2066\/2023\/10\/La-tardor-724x1024.jpg 724w, https:\/\/agora.xtec.cat\/ceipmisericordia-reus\/wp-content\/uploads\/usu2066\/2023\/10\/La-tardor-212x300.jpg 212w, https:\/\/agora.xtec.cat\/ceipmisericordia-reus\/wp-content\/uploads\/usu2066\/2023\/10\/La-tardor-768x1086.jpg 768w, https:\/\/agora.xtec.cat\/ceipmisericordia-reus\/wp-content\/uploads\/usu2066\/2023\/10\/La-tardor-1086x1536.jpg 1086w, https:\/\/agora.xtec.cat\/ceipmisericordia-reus\/wp-content\/uploads\/usu2066\/2023\/10\/La-tardor.jpg 1414w\" sizes=\"auto, (max-width: 724px) 100vw, 724px\" \/><\/a><\/p>\n<p>&nbsp;<\/p>\n","protected":false},"excerpt":{"rendered":"<p>Hola a tots i totes!<br \/>\nDonem la benvinguda a la tardor amb el Primer Moviment de la Tardor de les Quatre Estacions de Vivaldi.<br \/>\nUs deixem l\u2019enlla\u00e7 del Youtube per a qu\u00e8 la gaudiu tant com vulgueu!<br \/>\nEsperem que us agradi \ud83d\ude42<br \/>\nLa Comissi\u00f3 de Marqu\u00e8ting i Promoci\u00f3.<br \/>\n<a href=\"https:\/\/agora.xtec.cat\/ceipmisericordia-reus\/wp-content\/uploads\/usu2066\/2023\/10\/La-tardor.jpg\"><\/a><br \/>\n&nbsp;<\/p>\n","protected":false},"author":4,"featured_media":0,"comment_status":"open","ping_status":"closed","sticky":false,"template":"","format":"standard","meta":{"_bbp_topic_count":0,"_bbp_reply_count":0,"_bbp_total_topic_count":0,"_bbp_total_reply_count":0,"_bbp_voice_count":0,"_bbp_anonymous_reply_count":0,"_bbp_topic_count_hidden":0,"_bbp_reply_count_hidden":0,"_bbp_forum_subforum_count":0,"footnotes":""},"categories":[226,242,1,4],"tags":[],"class_list":["post-9513","post","type-post","status-publish","format-standard","hentry","category-canco-quinzenal","category-comissio-marqueting-i-promocio","category-general","category-portada"],"post_mailing_queue_ids":[],"_links":{"self":[{"href":"https:\/\/agora.xtec.cat\/ceipmisericordia-reus\/wp-json\/wp\/v2\/posts\/9513","targetHints":{"allow":["GET"]}}],"collection":[{"href":"https:\/\/agora.xtec.cat\/ceipmisericordia-reus\/wp-json\/wp\/v2\/posts"}],"about":[{"href":"https:\/\/agora.xtec.cat\/ceipmisericordia-reus\/wp-json\/wp\/v2\/types\/post"}],"author":[{"embeddable":true,"href":"https:\/\/agora.xtec.cat\/ceipmisericordia-reus\/wp-json\/wp\/v2\/users\/4"}],"replies":[{"embeddable":true,"href":"https:\/\/agora.xtec.cat\/ceipmisericordia-reus\/wp-json\/wp\/v2\/comments?post=9513"}],"version-history":[{"count":2,"href":"https:\/\/agora.xtec.cat\/ceipmisericordia-reus\/wp-json\/wp\/v2\/posts\/9513\/revisions"}],"predecessor-version":[{"id":9532,"href":"https:\/\/agora.xtec.cat\/ceipmisericordia-reus\/wp-json\/wp\/v2\/posts\/9513\/revisions\/9532"}],"wp:attachment":[{"href":"https:\/\/agora.xtec.cat\/ceipmisericordia-reus\/wp-json\/wp\/v2\/media?parent=9513"}],"wp:term":[{"taxonomy":"category","embeddable":true,"href":"https:\/\/agora.xtec.cat\/ceipmisericordia-reus\/wp-json\/wp\/v2\/categories?post=9513"},{"taxonomy":"post_tag","embeddable":true,"href":"https:\/\/agora.xtec.cat\/ceipmisericordia-reus\/wp-json\/wp\/v2\/tags?post=9513"}],"curies":[{"name":"wp","href":"https:\/\/api.w.org\/{rel}","templated":true}]}}