{"id":9460,"date":"2023-09-27T12:43:00","date_gmt":"2023-09-27T10:43:00","guid":{"rendered":"https:\/\/agora.xtec.cat\/ceipmisericordia-reus\/?p=9460"},"modified":"2023-10-09T20:19:49","modified_gmt":"2023-10-09T18:19:49","slug":"el-ritme-de-lescola-12","status":"publish","type":"post","link":"https:\/\/agora.xtec.cat\/ceipmisericordia-reus\/general\/el-ritme-de-lescola-12\/","title":{"rendered":"EL RITME DE L&#8217;ESCOLA"},"content":{"rendered":"<p>Hola a totes i a tots!<\/p>\n<p>Aprofitant que ja arriba la Festa Major de Reus, us proposem \u201cEl Ritme de l\u2019escola\u201d amb la can\u00e7\u00f3 \u201cFesta Major\u201d d\u2019en Rikus i El Pot Petit.<\/p>\n<p>Esperem que us agradi i la canteu i balleu a tot ritme.<\/p>\n<p>Us deixem l&#8217;enlla\u00e7 del Youtube per a qu\u00e8 la gaudiu tant com vulgueu!<\/p>\n<p><a href=\"https:\/\/www.youtube.com\/watch?v=KqhlDlAONfs%20FESTA%20MAJOR-1\">https:\/\/www.youtube.com\/watch?v=KqhlDlAONfs FESTA MAJOR-1<\/a><a href=\"https:\/\/agora.xtec.cat\/ceipmisericordia-reus\/wp-content\/uploads\/usu2066\/2023\/09\/FESTA-MAJOR-1.pdf\">FESTA MAJOR-1<\/a><\/p>\n<p>Bona Festa Major!<\/p>\n<p>Atentament,<\/p>\n<p>La Comissi\u00f3 de M\u00e0rqueting i Promoci\u00f3.<\/p>\n<p><a href=\"https:\/\/agora.xtec.cat\/ceipmisericordia-reus\/wp-content\/uploads\/usu2066\/2023\/09\/FESTA-MAJOR.jpg\"><img loading=\"lazy\" decoding=\"async\" class=\"aligncenter size-medium wp-image-9464\" src=\"https:\/\/agora.xtec.cat\/ceipmisericordia-reus\/wp-content\/uploads\/usu2066\/2023\/09\/FESTA-MAJOR-212x300.jpg\" alt=\"\" width=\"212\" height=\"300\" srcset=\"https:\/\/agora.xtec.cat\/ceipmisericordia-reus\/wp-content\/uploads\/usu2066\/2023\/09\/FESTA-MAJOR-212x300.jpg 212w, https:\/\/agora.xtec.cat\/ceipmisericordia-reus\/wp-content\/uploads\/usu2066\/2023\/09\/FESTA-MAJOR-724x1024.jpg 724w, https:\/\/agora.xtec.cat\/ceipmisericordia-reus\/wp-content\/uploads\/usu2066\/2023\/09\/FESTA-MAJOR-768x1086.jpg 768w, https:\/\/agora.xtec.cat\/ceipmisericordia-reus\/wp-content\/uploads\/usu2066\/2023\/09\/FESTA-MAJOR-1086x1536.jpg 1086w, https:\/\/agora.xtec.cat\/ceipmisericordia-reus\/wp-content\/uploads\/usu2066\/2023\/09\/FESTA-MAJOR.jpg 1414w\" sizes=\"auto, (max-width: 212px) 100vw, 212px\" \/><\/a><\/p>\n<p><a class=\"x1i10hfl xjbqb8w x6umtig x1b1mbwd xaqea5y xav7gou x9f619 x1ypdohk xt0psk2 xe8uvvx xdj266r x11i5rnm xat24cr x1mh8g0r xexx8yu x4uap5 x18d9i69 xkhd6sd x16tdsg8 x1hl2dhg xggy1nq x1a2a7pz xt0b8zv x1qq9wsj xo1l8bm\" tabindex=\"0\" role=\"link\" href=\"https:\/\/www.facebook.com\/hashtag\/escolamisericordiadereus?__eep__=6&amp;__cft__[0]=AZXNw2xIMcM85yjF40v5JqysW4hDfasg_gXTOVWYZwdCRflyVcz41U55_cJMvAryEfgC_Yu87nE8NAG1JXN5WiC4Sry0B1K2--_vbC14-ZmzruVTCt7GwXMx7__dNBj_WWPJ926wAwb7dKys1b2Z5_qzsEh4iecUc6aSBVrqCn2XbQ&amp;__tn__=*NK-R\">#escolamisericordiadereus<\/a> <a class=\"x1i10hfl xjbqb8w x6umtig x1b1mbwd xaqea5y xav7gou x9f619 x1ypdohk xt0psk2 xe8uvvx xdj266r x11i5rnm xat24cr x1mh8g0r xexx8yu x4uap5 x18d9i69 xkhd6sd x16tdsg8 x1hl2dhg xggy1nq x1a2a7pz xt0b8zv x1qq9wsj xo1l8bm\" tabindex=\"0\" role=\"link\" href=\"https:\/\/www.facebook.com\/hashtag\/miseric%C3%B2rdia2023?__eep__=6&amp;__cft__[0]=AZXNw2xIMcM85yjF40v5JqysW4hDfasg_gXTOVWYZwdCRflyVcz41U55_cJMvAryEfgC_Yu87nE8NAG1JXN5WiC4Sry0B1K2--_vbC14-ZmzruVTCt7GwXMx7__dNBj_WWPJ926wAwb7dKys1b2Z5_qzsEh4iecUc6aSBVrqCn2XbQ&amp;__tn__=*NK-R\">#Miseric\u00f2rdia2023<\/a> <a class=\"x1i10hfl xjbqb8w x6umtig x1b1mbwd xaqea5y xav7gou x9f619 x1ypdohk xt0psk2 xe8uvvx xdj266r x11i5rnm xat24cr x1mh8g0r xexx8yu x4uap5 x18d9i69 xkhd6sd x16tdsg8 x1hl2dhg xggy1nq x1a2a7pz xt0b8zv x1qq9wsj xo1l8bm\" tabindex=\"0\" role=\"link\" href=\"https:\/\/www.facebook.com\/hashtag\/escolapublica?__eep__=6&amp;__cft__[0]=AZXNw2xIMcM85yjF40v5JqysW4hDfasg_gXTOVWYZwdCRflyVcz41U55_cJMvAryEfgC_Yu87nE8NAG1JXN5WiC4Sry0B1K2--_vbC14-ZmzruVTCt7GwXMx7__dNBj_WWPJ926wAwb7dKys1b2Z5_qzsEh4iecUc6aSBVrqCn2XbQ&amp;__tn__=*NK-R\">#escolapublica<\/a> <a class=\"x1i10hfl xjbqb8w x6umtig x1b1mbwd xaqea5y xav7gou x9f619 x1ypdohk xt0psk2 xe8uvvx xdj266r x11i5rnm xat24cr x1mh8g0r xexx8yu x4uap5 x18d9i69 xkhd6sd x16tdsg8 x1hl2dhg xggy1nq x1a2a7pz xt0b8zv x1qq9wsj xo1l8bm\" tabindex=\"0\" role=\"link\" href=\"https:\/\/www.facebook.com\/hashtag\/reus?__eep__=6&amp;__cft__[0]=AZXNw2xIMcM85yjF40v5JqysW4hDfasg_gXTOVWYZwdCRflyVcz41U55_cJMvAryEfgC_Yu87nE8NAG1JXN5WiC4Sry0B1K2--_vbC14-ZmzruVTCt7GwXMx7__dNBj_WWPJ926wAwb7dKys1b2Z5_qzsEh4iecUc6aSBVrqCn2XbQ&amp;__tn__=*NK-R\">#Reus<\/a> <a class=\"x1i10hfl xjbqb8w x6umtig x1b1mbwd xaqea5y xav7gou x9f619 x1ypdohk xt0psk2 xe8uvvx xdj266r x11i5rnm xat24cr x1mh8g0r xexx8yu x4uap5 x18d9i69 xkhd6sd x16tdsg8 x1hl2dhg xggy1nq x1a2a7pz xt0b8zv x1qq9wsj xo1l8bm\" tabindex=\"0\" role=\"link\" href=\"https:\/\/www.facebook.com\/hashtag\/monmisericordia?__eep__=6&amp;__cft__[0]=AZXNw2xIMcM85yjF40v5JqysW4hDfasg_gXTOVWYZwdCRflyVcz41U55_cJMvAryEfgC_Yu87nE8NAG1JXN5WiC4Sry0B1K2--_vbC14-ZmzruVTCt7GwXMx7__dNBj_WWPJ926wAwb7dKys1b2Z5_qzsEh4iecUc6aSBVrqCn2XbQ&amp;__tn__=*NK-R\">#monmisericordia<\/a><\/p>\n","protected":false},"excerpt":{"rendered":"<p>Hola a totes i a tots!<br \/>\nAprofitant que ja arriba la Festa Major de Reus, us proposem \u201cEl Ritme de l\u2019escola\u201d amb la can\u00e7\u00f3 \u201cFesta Major\u201d d\u2019en Rikus i El Pot Petit.<br \/>\nEsperem que us agradi i la canteu i balleu a tot ritme.<br \/>\nUs deixem l&#8217;enlla\u00e7 del&hellip;  <a href=\"https:\/\/agora.xtec.cat\/ceipmisericordia-reus\/general\/el-ritme-de-lescola-12\/\" title=\"Read EL RITME DE L&#8217;ESCOLA\">Llegeix m\u00e9s\u00bb<\/a><\/p>\n","protected":false},"author":4,"featured_media":0,"comment_status":"open","ping_status":"closed","sticky":false,"template":"","format":"standard","meta":{"_bbp_topic_count":0,"_bbp_reply_count":0,"_bbp_total_topic_count":0,"_bbp_total_reply_count":0,"_bbp_voice_count":0,"_bbp_anonymous_reply_count":0,"_bbp_topic_count_hidden":0,"_bbp_reply_count_hidden":0,"_bbp_forum_subforum_count":0,"footnotes":""},"categories":[92,242,90,91,108,1,4],"tags":[],"class_list":["post-9460","post","type-post","status-publish","format-standard","hentry","category-activitats-al-centre","category-comissio-marqueting-i-promocio","category-ed-infantil","category-ed-primaria","category-festes-i-tradicions-populars","category-general","category-portada"],"post_mailing_queue_ids":[],"_links":{"self":[{"href":"https:\/\/agora.xtec.cat\/ceipmisericordia-reus\/wp-json\/wp\/v2\/posts\/9460","targetHints":{"allow":["GET"]}}],"collection":[{"href":"https:\/\/agora.xtec.cat\/ceipmisericordia-reus\/wp-json\/wp\/v2\/posts"}],"about":[{"href":"https:\/\/agora.xtec.cat\/ceipmisericordia-reus\/wp-json\/wp\/v2\/types\/post"}],"author":[{"embeddable":true,"href":"https:\/\/agora.xtec.cat\/ceipmisericordia-reus\/wp-json\/wp\/v2\/users\/4"}],"replies":[{"embeddable":true,"href":"https:\/\/agora.xtec.cat\/ceipmisericordia-reus\/wp-json\/wp\/v2\/comments?post=9460"}],"version-history":[{"count":3,"href":"https:\/\/agora.xtec.cat\/ceipmisericordia-reus\/wp-json\/wp\/v2\/posts\/9460\/revisions"}],"predecessor-version":[{"id":9467,"href":"https:\/\/agora.xtec.cat\/ceipmisericordia-reus\/wp-json\/wp\/v2\/posts\/9460\/revisions\/9467"}],"wp:attachment":[{"href":"https:\/\/agora.xtec.cat\/ceipmisericordia-reus\/wp-json\/wp\/v2\/media?parent=9460"}],"wp:term":[{"taxonomy":"category","embeddable":true,"href":"https:\/\/agora.xtec.cat\/ceipmisericordia-reus\/wp-json\/wp\/v2\/categories?post=9460"},{"taxonomy":"post_tag","embeddable":true,"href":"https:\/\/agora.xtec.cat\/ceipmisericordia-reus\/wp-json\/wp\/v2\/tags?post=9460"}],"curies":[{"name":"wp","href":"https:\/\/api.w.org\/{rel}","templated":true}]}}