{"id":9438,"date":"2023-09-08T09:36:22","date_gmt":"2023-09-08T07:36:22","guid":{"rendered":"https:\/\/agora.xtec.cat\/ceipmisericordia-reus\/?p=9438"},"modified":"2023-09-08T09:36:22","modified_gmt":"2023-09-08T07:36:22","slug":"english-week","status":"publish","type":"post","link":"https:\/\/agora.xtec.cat\/ceipmisericordia-reus\/general\/english-week\/","title":{"rendered":"ENGLISH WEEK"},"content":{"rendered":"<p>Gr\u00e0cies al programa GEP, durant la setmana del 12 al 15 de setembre, durem a terme la<br \/>\n<strong>SETMANA DE L\u2019ANGL\u00c8S<\/strong><\/p>\n<p>Ser\u00e0 una setmana d\u2019immersi\u00f3 a l\u2019angl\u00e8s de sis hores di\u00e0ries, dins de l\u2019horari lectiu, pels alumnes de 1r a 6\u00e8 de prim\u00e0ria.<\/p>\n<p>Totes les activitats es faran en angl\u00e8s.<\/p>\n<p>L\u2019objectiu \u00e9s que els nens i les nenes s\u2019apropin a la llengua mitjan\u00e7ant activitats, tallers, jocs, sortides, treballs manuals, etc. i adquireixin flu\u00efdesa per comunicar-se en angl\u00e8s, cadasc\u00fa des del seu nivell.<br \/>\n<a href=\"https:\/\/agora.xtec.cat\/ceipmisericordia-reus\/wp-content\/uploads\/usu2066\/2023\/09\/1.png\"><img loading=\"lazy\" decoding=\"async\" class=\" wp-image-9439 alignleft\" src=\"https:\/\/agora.xtec.cat\/ceipmisericordia-reus\/wp-content\/uploads\/usu2066\/2023\/09\/1-212x300.png\" alt=\"\" width=\"388\" height=\"549\" srcset=\"https:\/\/agora.xtec.cat\/ceipmisericordia-reus\/wp-content\/uploads\/usu2066\/2023\/09\/1-212x300.png 212w, https:\/\/agora.xtec.cat\/ceipmisericordia-reus\/wp-content\/uploads\/usu2066\/2023\/09\/1-724x1024.png 724w, https:\/\/agora.xtec.cat\/ceipmisericordia-reus\/wp-content\/uploads\/usu2066\/2023\/09\/1-768x1086.png 768w, https:\/\/agora.xtec.cat\/ceipmisericordia-reus\/wp-content\/uploads\/usu2066\/2023\/09\/1-1086x1536.png 1086w, https:\/\/agora.xtec.cat\/ceipmisericordia-reus\/wp-content\/uploads\/usu2066\/2023\/09\/1.png 1414w\" sizes=\"auto, (max-width: 388px) 100vw, 388px\" \/><\/a><\/p>\n","protected":false},"excerpt":{"rendered":"<p>Gr\u00e0cies al programa GEP, durant la setmana del 12 al 15 de setembre, durem a terme la<br \/>\nSETMANA DE L\u2019ANGL\u00c8S<br \/>\nSer\u00e0 una setmana d\u2019immersi\u00f3 a l\u2019angl\u00e8s de sis hores di\u00e0ries, dins de l\u2019horari lectiu, pels alumnes de 1r a 6\u00e8 de prim\u00e0ria.<br \/>\nTotes les activitats es faran en&hellip;  <a href=\"https:\/\/agora.xtec.cat\/ceipmisericordia-reus\/general\/english-week\/\" title=\"Read ENGLISH WEEK\">Llegeix m\u00e9s\u00bb<\/a><\/p>\n","protected":false},"author":4,"featured_media":0,"comment_status":"open","ping_status":"closed","sticky":false,"template":"","format":"standard","meta":{"_bbp_topic_count":0,"_bbp_reply_count":0,"_bbp_total_topic_count":0,"_bbp_total_reply_count":0,"_bbp_voice_count":0,"_bbp_anonymous_reply_count":0,"_bbp_topic_count_hidden":0,"_bbp_reply_count_hidden":0,"_bbp_forum_subforum_count":0,"footnotes":""},"categories":[10,11,12,13,14,15,92,84,91,1,66,4],"tags":[382],"class_list":["post-9438","post","type-post","status-publish","format-standard","hentry","category-1r","category-2n","category-3r","category-4t","category-5e","category-6e","category-activitats-al-centre","category-angles","category-ed-primaria","category-general","category-gep","category-portada","tag-monmisericordia-gep-englishweek"],"post_mailing_queue_ids":[],"_links":{"self":[{"href":"https:\/\/agora.xtec.cat\/ceipmisericordia-reus\/wp-json\/wp\/v2\/posts\/9438","targetHints":{"allow":["GET"]}}],"collection":[{"href":"https:\/\/agora.xtec.cat\/ceipmisericordia-reus\/wp-json\/wp\/v2\/posts"}],"about":[{"href":"https:\/\/agora.xtec.cat\/ceipmisericordia-reus\/wp-json\/wp\/v2\/types\/post"}],"author":[{"embeddable":true,"href":"https:\/\/agora.xtec.cat\/ceipmisericordia-reus\/wp-json\/wp\/v2\/users\/4"}],"replies":[{"embeddable":true,"href":"https:\/\/agora.xtec.cat\/ceipmisericordia-reus\/wp-json\/wp\/v2\/comments?post=9438"}],"version-history":[{"count":1,"href":"https:\/\/agora.xtec.cat\/ceipmisericordia-reus\/wp-json\/wp\/v2\/posts\/9438\/revisions"}],"predecessor-version":[{"id":9440,"href":"https:\/\/agora.xtec.cat\/ceipmisericordia-reus\/wp-json\/wp\/v2\/posts\/9438\/revisions\/9440"}],"wp:attachment":[{"href":"https:\/\/agora.xtec.cat\/ceipmisericordia-reus\/wp-json\/wp\/v2\/media?parent=9438"}],"wp:term":[{"taxonomy":"category","embeddable":true,"href":"https:\/\/agora.xtec.cat\/ceipmisericordia-reus\/wp-json\/wp\/v2\/categories?post=9438"},{"taxonomy":"post_tag","embeddable":true,"href":"https:\/\/agora.xtec.cat\/ceipmisericordia-reus\/wp-json\/wp\/v2\/tags?post=9438"}],"curies":[{"name":"wp","href":"https:\/\/api.w.org\/{rel}","templated":true}]}}