{"id":9401,"date":"2023-06-13T17:29:59","date_gmt":"2023-06-13T15:29:59","guid":{"rendered":"https:\/\/agora.xtec.cat\/ceipmisericordia-reus\/?p=9401"},"modified":"2023-06-13T17:44:18","modified_gmt":"2023-06-13T15:44:18","slug":"gracies-families","status":"publish","type":"post","link":"https:\/\/agora.xtec.cat\/ceipmisericordia-reus\/infantil\/gracies-families\/","title":{"rendered":"GR\u00c0CIES FAM\u00cdLIES!!!"},"content":{"rendered":"<p>Moltes gr\u00e0cies a les fam\u00edlies que han col.laborat al taller &#8220;Vine al meu hort&#8221;. Esperem comptar amb tots i totes vosaltres el curs vinent i\u00a0 que s&#8217;animin molts m\u00e9s familiars!!!! Entre tots hem aconseguit un hort que fa goig!!!! <span class=\"xv78j7m x112ta8\">#escolaverda<\/span> <span class=\"xv78j7m x112ta8\">#escolamisericordiadereus<\/span> <span class=\"xv78j7m x112ta8\">#hortescolar<\/span><a href=\"https:\/\/agora.xtec.cat\/ceipmisericordia-reus\/wp-content\/uploads\/usu2066\/2023\/06\/IMG-20230613-WA0013.jpg\"><img loading=\"lazy\" decoding=\"async\" class=\"aligncenter size-medium wp-image-9402\" src=\"https:\/\/agora.xtec.cat\/ceipmisericordia-reus\/wp-content\/uploads\/usu2066\/2023\/06\/IMG-20230613-WA0013-300x225.jpg\" alt=\"\" width=\"300\" height=\"225\" srcset=\"https:\/\/agora.xtec.cat\/ceipmisericordia-reus\/wp-content\/uploads\/usu2066\/2023\/06\/IMG-20230613-WA0013-300x225.jpg 300w, https:\/\/agora.xtec.cat\/ceipmisericordia-reus\/wp-content\/uploads\/usu2066\/2023\/06\/IMG-20230613-WA0013-768x576.jpg 768w, https:\/\/agora.xtec.cat\/ceipmisericordia-reus\/wp-content\/uploads\/usu2066\/2023\/06\/IMG-20230613-WA0013-200x150.jpg 200w, https:\/\/agora.xtec.cat\/ceipmisericordia-reus\/wp-content\/uploads\/usu2066\/2023\/06\/IMG-20230613-WA0013.jpg 1024w\" sizes=\"auto, (max-width: 300px) 100vw, 300px\" \/><\/a><\/p>\n","protected":false},"excerpt":{"rendered":"<p>Moltes gr\u00e0cies a les fam\u00edlies que han col.laborat al taller &#8220;Vine al meu hort&#8221;. Esperem comptar amb tots i totes vosaltres el curs vinent i\u00a0 que s&#8217;animin molts m\u00e9s familiars!!!! Entre tots hem aconseguit un hort que fa goig!!!! #escolaverda #escolamisericordiadereus #hortescolar<a href=\"https:\/\/agora.xtec.cat\/ceipmisericordia-reus\/wp-content\/uploads\/usu2066\/2023\/06\/IMG-20230613-WA0013.jpg\"><\/a><\/p>\n","protected":false},"author":4,"featured_media":0,"comment_status":"open","ping_status":"closed","sticky":false,"template":"","format":"standard","meta":{"_bbp_topic_count":0,"_bbp_reply_count":0,"_bbp_total_topic_count":0,"_bbp_total_reply_count":0,"_bbp_voice_count":0,"_bbp_anonymous_reply_count":0,"_bbp_topic_count_hidden":0,"_bbp_reply_count_hidden":0,"_bbp_forum_subforum_count":0,"footnotes":""},"categories":[87,2,75,4,5],"tags":[],"class_list":["post-9401","post","type-post","status-publish","format-standard","hentry","category-hort","category-infantil","category-pares-i-mares","category-portada","category-primaria"],"post_mailing_queue_ids":[],"_links":{"self":[{"href":"https:\/\/agora.xtec.cat\/ceipmisericordia-reus\/wp-json\/wp\/v2\/posts\/9401","targetHints":{"allow":["GET"]}}],"collection":[{"href":"https:\/\/agora.xtec.cat\/ceipmisericordia-reus\/wp-json\/wp\/v2\/posts"}],"about":[{"href":"https:\/\/agora.xtec.cat\/ceipmisericordia-reus\/wp-json\/wp\/v2\/types\/post"}],"author":[{"embeddable":true,"href":"https:\/\/agora.xtec.cat\/ceipmisericordia-reus\/wp-json\/wp\/v2\/users\/4"}],"replies":[{"embeddable":true,"href":"https:\/\/agora.xtec.cat\/ceipmisericordia-reus\/wp-json\/wp\/v2\/comments?post=9401"}],"version-history":[{"count":2,"href":"https:\/\/agora.xtec.cat\/ceipmisericordia-reus\/wp-json\/wp\/v2\/posts\/9401\/revisions"}],"predecessor-version":[{"id":9404,"href":"https:\/\/agora.xtec.cat\/ceipmisericordia-reus\/wp-json\/wp\/v2\/posts\/9401\/revisions\/9404"}],"wp:attachment":[{"href":"https:\/\/agora.xtec.cat\/ceipmisericordia-reus\/wp-json\/wp\/v2\/media?parent=9401"}],"wp:term":[{"taxonomy":"category","embeddable":true,"href":"https:\/\/agora.xtec.cat\/ceipmisericordia-reus\/wp-json\/wp\/v2\/categories?post=9401"},{"taxonomy":"post_tag","embeddable":true,"href":"https:\/\/agora.xtec.cat\/ceipmisericordia-reus\/wp-json\/wp\/v2\/tags?post=9401"}],"curies":[{"name":"wp","href":"https:\/\/api.w.org\/{rel}","templated":true}]}}